{"id":977,"date":"2020-01-26T16:21:04","date_gmt":"2020-01-26T16:21:04","guid":{"rendered":"https:\/\/ruderverein-steyr.at\/?p=977"},"modified":"2024-11-12T12:25:24","modified_gmt":"2024-11-12T10:25:24","slug":"oesterreichische-indoor-meisterschaften-nitsche-holt-spitzenergebnis-fuer-steyr","status":"publish","type":"post","link":"https:\/\/ruderverein-steyr.at\/index.php\/2020\/01\/26\/oesterreichische-indoor-meisterschaften-nitsche-holt-spitzenergebnis-fuer-steyr\/","title":{"rendered":"\u00d6sterreichische Indoor-Meisterschaften: Nitsche holt Spitzenergebnis f\u00fcr Steyr!"},"content":{"rendered":"\t\t<div data-elementor-type=\"wp-post\" data-elementor-id=\"977\" class=\"elementor elementor-977\">\n\t\t\t\t\t\t<section class=\"elementor-section elementor-top-section elementor-element elementor-element-4abce76 elementor-section-boxed elementor-section-height-default elementor-section-height-default\" data-id=\"4abce76\" data-element_type=\"section\" data-e-type=\"section\">\n\t\t\t\t\t\t<div class=\"elementor-container elementor-column-gap-default\">\n\t\t\t\t\t<div class=\"elementor-column elementor-col-100 elementor-top-column elementor-element elementor-element-d101227\" data-id=\"d101227\" data-element_type=\"column\" data-e-type=\"column\">\n\t\t\t<div class=\"elementor-widget-wrap elementor-element-populated\">\n\t\t\t\t\t\t<div class=\"elementor-element elementor-element-418b4fb elementor-widget elementor-widget-spacer\" data-id=\"418b4fb\" data-element_type=\"widget\" data-e-type=\"widget\" data-widget_type=\"spacer.default\">\n\t\t\t\t<div class=\"elementor-widget-container\">\n\t\t\t\t\t\t\t<div class=\"elementor-spacer\">\n\t\t\t<div class=\"elementor-spacer-inner\"><\/div>\n\t\t<\/div>\n\t\t\t\t\t\t<\/div>\n\t\t\t\t<\/div>\n\t\t\t\t\t<\/div>\n\t\t<\/div>\n\t\t\t\t\t<\/div>\n\t\t<\/section>\n\t\t\t\t<section class=\"elementor-section elementor-top-section elementor-element elementor-element-41b19bd elementor-section-boxed elementor-section-height-default elementor-section-height-default\" data-id=\"41b19bd\" data-element_type=\"section\" data-e-type=\"section\">\n\t\t\t\t\t\t<div class=\"elementor-container elementor-column-gap-default\">\n\t\t\t\t\t<div class=\"elementor-column elementor-col-25 elementor-top-column elementor-element elementor-element-b43256d\" data-id=\"b43256d\" data-element_type=\"column\" data-e-type=\"column\">\n\t\t\t<div class=\"elementor-widget-wrap\">\n\t\t\t\t\t\t\t<\/div>\n\t\t<\/div>\n\t\t\t\t<div class=\"elementor-column elementor-col-50 elementor-top-column elementor-element elementor-element-1c5d6ba\" data-id=\"1c5d6ba\" data-element_type=\"column\" data-e-type=\"column\">\n\t\t\t<div class=\"elementor-widget-wrap elementor-element-populated\">\n\t\t\t\t\t\t<div class=\"elementor-element elementor-element-281ac7b elementor-widget elementor-widget-text-editor\" data-id=\"281ac7b\" data-element_type=\"widget\" data-e-type=\"widget\" data-widget_type=\"text-editor.default\">\n\t\t\t\t<div class=\"elementor-widget-container\">\n\t\t\t\t\t\t\t\t\t<h1><strong>\u00d6sterreichische Indoor-Meisterschaften: Nitsche holt Spitzenergebnis f\u00fcr Steyr!<\/strong><\/h1><p><span style=\"color: #bbbbbd;\">26. J\u00e4nner 2020<\/span><\/p>\t\t\t\t\t\t\t\t<\/div>\n\t\t\t\t<\/div>\n\t\t\t\t\t<\/div>\n\t\t<\/div>\n\t\t\t\t<div class=\"elementor-column elementor-col-25 elementor-top-column elementor-element elementor-element-b2c1883\" data-id=\"b2c1883\" data-element_type=\"column\" data-e-type=\"column\">\n\t\t\t<div class=\"elementor-widget-wrap\">\n\t\t\t\t\t\t\t<\/div>\n\t\t<\/div>\n\t\t\t\t\t<\/div>\n\t\t<\/section>\n\t\t\t\t<section class=\"elementor-section elementor-top-section elementor-element elementor-element-068060a elementor-section-boxed elementor-section-height-default elementor-section-height-default\" data-id=\"068060a\" data-element_type=\"section\" data-e-type=\"section\">\n\t\t\t\t\t\t<div class=\"elementor-container elementor-column-gap-default\">\n\t\t\t\t\t<div class=\"elementor-column elementor-col-16 elementor-top-column elementor-element elementor-element-c8b0800\" data-id=\"c8b0800\" data-element_type=\"column\" data-e-type=\"column\">\n\t\t\t<div class=\"elementor-widget-wrap\">\n\t\t\t\t\t\t\t<\/div>\n\t\t<\/div>\n\t\t\t\t<div class=\"elementor-column elementor-col-66 elementor-top-column elementor-element elementor-element-881d328\" data-id=\"881d328\" data-element_type=\"column\" data-e-type=\"column\">\n\t\t\t<div class=\"elementor-widget-wrap elementor-element-populated\">\n\t\t\t\t\t\t<div class=\"elementor-element elementor-element-2b57641 elementor-widget elementor-widget-text-editor\" data-id=\"2b57641\" data-element_type=\"widget\" data-e-type=\"widget\" data-widget_type=\"text-editor.default\">\n\t\t\t\t<div class=\"elementor-widget-container\">\n\t\t\t\t\t\t\t\t\t<h5><strong><em>Sensationelles Ergebnis f\u00fcr den RV Steyr bei den \u00d6sterreichischen Indoor-Rudermeisteschaften in Salzburg\/Rif: Larissa Nitsche sicherte sich mit pers\u00f6nlicher Bestleistung den 5. Rang bei den Juniorinnen B und landet damit gleich bei ihrem ersten Wettkampf im Spitzenfeld!<\/em><\/strong><\/h5><p><strong><em>Wettkampfsaison 2020 er\u00f6ffnet<\/em><\/strong><br \/>Die 31. \u00d6sterreichischen Ruder-Indoormeisterschaften wurden bereits zum dritten Mal vom Salzburger Ruderclub M\u00f6ve durchgef\u00fchrt. Im Universit\u00e4ts- und Landessportzentrum Salzburg\/Rif stellten sich am 26.01.2020 Ruderinnen und Ruderer einer ersten Form\u00fcberpr\u00fcfung bei der die Schnellsten in den jeweiligen Alters- und Gewichstklassen ermittelt wurden.<br \/>Der RV Steyr war mit einer Athletin vertreten: Larissa Nitsche ging bei den Juniorinnen B (Jahrgang 2004\/2005) an den Start. Die HLW-Sch\u00fclerin ist seit dem Fr\u00fchjahr 2019 bei uns und entschied sich im Sp\u00e4therbst Wettkampfluft schnuppern zu wollen. Unter der Aufsicht von Lisa Hirtenlehner wurde deshalb in den vergangenen Wochen intensiv und fokussiert trainiert.<\/p>\t\t\t\t\t\t\t\t<\/div>\n\t\t\t\t<\/div>\n\t\t\t\t\t<\/div>\n\t\t<\/div>\n\t\t\t\t<div class=\"elementor-column elementor-col-16 elementor-top-column elementor-element elementor-element-df69513\" data-id=\"df69513\" data-element_type=\"column\" data-e-type=\"column\">\n\t\t\t<div class=\"elementor-widget-wrap\">\n\t\t\t\t\t\t\t<\/div>\n\t\t<\/div>\n\t\t\t\t\t<\/div>\n\t\t<\/section>\n\t\t\t\t<section class=\"elementor-section elementor-top-section elementor-element elementor-element-ca0edda elementor-section-boxed elementor-section-height-default elementor-section-height-default\" data-id=\"ca0edda\" data-element_type=\"section\" data-e-type=\"section\">\n\t\t\t\t\t\t<div class=\"elementor-container elementor-column-gap-default\">\n\t\t\t\t\t<div class=\"elementor-column elementor-col-25 elementor-top-column elementor-element elementor-element-b18cce6\" data-id=\"b18cce6\" data-element_type=\"column\" data-e-type=\"column\">\n\t\t\t<div class=\"elementor-widget-wrap\">\n\t\t\t\t\t\t\t<\/div>\n\t\t<\/div>\n\t\t\t\t<div class=\"elementor-column elementor-col-25 elementor-top-column elementor-element elementor-element-7375c01\" data-id=\"7375c01\" data-element_type=\"column\" data-e-type=\"column\">\n\t\t\t<div class=\"elementor-widget-wrap elementor-element-populated\">\n\t\t\t\t\t\t<div class=\"elementor-element elementor-element-15e6718 elementor-widget elementor-widget-image\" data-id=\"15e6718\" data-element_type=\"widget\" data-e-type=\"widget\" data-widget_type=\"image.default\">\n\t\t\t\t<div class=\"elementor-widget-container\">\n\t\t\t\t\t\t\t\t\t\t\t\t\t\t\t<img fetchpriority=\"high\" decoding=\"async\" width=\"1024\" height=\"769\" src=\"https:\/\/ruderverein-steyr.at\/wp-content\/uploads\/2020\/02\/Indoor-Halle-scaled-e1632658151254-1024x769.jpg\" class=\"attachment-large size-large wp-image-1212\" alt=\"\" srcset=\"https:\/\/ruderverein-steyr.at\/wp-content\/uploads\/2020\/02\/Indoor-Halle-scaled-e1632658151254-1024x769.jpg 1024w, https:\/\/ruderverein-steyr.at\/wp-content\/uploads\/2020\/02\/Indoor-Halle-scaled-e1632658151254-300x225.jpg 300w, https:\/\/ruderverein-steyr.at\/wp-content\/uploads\/2020\/02\/Indoor-Halle-scaled-e1632658151254-768x576.jpg 768w, https:\/\/ruderverein-steyr.at\/wp-content\/uploads\/2020\/02\/Indoor-Halle-scaled-e1632658151254-1536x1153.jpg 1536w, https:\/\/ruderverein-steyr.at\/wp-content\/uploads\/2020\/02\/Indoor-Halle-scaled-e1632658151254-2048x1537.jpg 2048w\" sizes=\"(max-width: 1024px) 100vw, 1024px\" \/>\t\t\t\t\t\t\t\t\t\t\t\t\t\t\t<\/div>\n\t\t\t\t<\/div>\n\t\t\t\t\t<\/div>\n\t\t<\/div>\n\t\t\t\t<div class=\"elementor-column elementor-col-25 elementor-top-column elementor-element elementor-element-9b4fc8b\" data-id=\"9b4fc8b\" data-element_type=\"column\" data-e-type=\"column\">\n\t\t\t<div class=\"elementor-widget-wrap elementor-element-populated\">\n\t\t\t\t\t\t<div class=\"elementor-element elementor-element-8302ad5 elementor-widget elementor-widget-image\" data-id=\"8302ad5\" data-element_type=\"widget\" data-e-type=\"widget\" data-widget_type=\"image.default\">\n\t\t\t\t<div class=\"elementor-widget-container\">\n\t\t\t\t\t\t\t\t\t\t\t\t\t\t\t<img decoding=\"async\" width=\"1024\" height=\"768\" src=\"https:\/\/ruderverein-steyr.at\/wp-content\/uploads\/2020\/02\/Indoor-scaled-e1632658193164-1024x768.jpg\" class=\"attachment-large size-large wp-image-1213\" alt=\"\" srcset=\"https:\/\/ruderverein-steyr.at\/wp-content\/uploads\/2020\/02\/Indoor-scaled-e1632658193164-1024x768.jpg 1024w, https:\/\/ruderverein-steyr.at\/wp-content\/uploads\/2020\/02\/Indoor-scaled-e1632658193164-300x225.jpg 300w, https:\/\/ruderverein-steyr.at\/wp-content\/uploads\/2020\/02\/Indoor-scaled-e1632658193164-768x576.jpg 768w, https:\/\/ruderverein-steyr.at\/wp-content\/uploads\/2020\/02\/Indoor-scaled-e1632658193164-1536x1152.jpg 1536w, https:\/\/ruderverein-steyr.at\/wp-content\/uploads\/2020\/02\/Indoor-scaled-e1632658193164-2048x1536.jpg 2048w\" sizes=\"(max-width: 1024px) 100vw, 1024px\" \/>\t\t\t\t\t\t\t\t\t\t\t\t\t\t\t<\/div>\n\t\t\t\t<\/div>\n\t\t\t\t\t<\/div>\n\t\t<\/div>\n\t\t\t\t<div class=\"elementor-column elementor-col-25 elementor-top-column elementor-element elementor-element-cfb1aa4\" data-id=\"cfb1aa4\" data-element_type=\"column\" data-e-type=\"column\">\n\t\t\t<div class=\"elementor-widget-wrap\">\n\t\t\t\t\t\t\t<\/div>\n\t\t<\/div>\n\t\t\t\t\t<\/div>\n\t\t<\/section>\n\t\t\t\t<section class=\"elementor-section elementor-top-section elementor-element elementor-element-bbd979d elementor-section-boxed elementor-section-height-default elementor-section-height-default\" data-id=\"bbd979d\" data-element_type=\"section\" data-e-type=\"section\">\n\t\t\t\t\t\t<div class=\"elementor-container elementor-column-gap-default\">\n\t\t\t\t\t<div class=\"elementor-column elementor-col-16 elementor-top-column elementor-element elementor-element-7eedd69\" data-id=\"7eedd69\" data-element_type=\"column\" data-e-type=\"column\">\n\t\t\t<div class=\"elementor-widget-wrap\">\n\t\t\t\t\t\t\t<\/div>\n\t\t<\/div>\n\t\t\t\t<div class=\"elementor-column elementor-col-66 elementor-top-column elementor-element elementor-element-519e3f2\" data-id=\"519e3f2\" data-element_type=\"column\" data-e-type=\"column\">\n\t\t\t<div class=\"elementor-widget-wrap elementor-element-populated\">\n\t\t\t\t\t\t<div class=\"elementor-element elementor-element-24b6a22 elementor-widget elementor-widget-text-editor\" data-id=\"24b6a22\" data-element_type=\"widget\" data-e-type=\"widget\" data-widget_type=\"text-editor.default\">\n\t\t\t\t<div class=\"elementor-widget-container\">\n\t\t\t\t\t\t\t\t\t<p><strong><em>Rennplan perfekt umgesetzt<\/em><\/strong><br \/>Bei den Juniorinnen B waren 35 Ruderinnen aus ganz \u00d6sterreich vertreten. Die 15- bis 16-J\u00e4hrigen m\u00fcssen dabei eine Distanz von 1.500 Meter bew\u00e4ltigen. Das Ziel von Larissa war klar: eine pers\u00f6nliche Bestzeit unter Wetttkampfbedingungen zu erreichen. Der Rennplan wurde von der 16-J\u00e4hrigen perfekt umgesetzt! \u00dcber die Strecke konnte sie das Tempo gut halten und gegen Ende des Rennens nochmal attackieren. Der bereits erfahrenen Konkurrenz vom RV Villach, RV Wiking Linz und Union RV P\u00f6chlarn musste Larissa noch den Vortritt lassen, doch mit 1.3 Sekunden R\u00fcckstand auf den 4. Platz, konnte sie aufzeigen. &#8222;Ein sensationelles Ergebnis. Larissa kann wirklich stolz auf ihre Leistung sein (5:48.4 Minuten). Beim ersten Antreten gleich so cool und doch konzentriert eine pers\u00f6nliche Bestleistung abzurufen ist bewundernswert&#8220;, zeigt sich Trainerin Lisa mehr als zufrieden.<\/p><p>Unterst\u00fctzt und angefeuert wurde Larissa von Barbara, Kurt und Annika, welche einen keinen aber feinen Fanclub bildeten. Vor Ort war auch Lisa Wimmer, die die Jury-Leitung \u00fcber hatte.<\/p><p><a href=\"https:\/\/www.ruderklub-moeve.at\/images\/PDF\/2020\/ErgebnisIndoor_2020.pdf\">Ergebnisse<\/a><\/p><p>Fotos \u00a9 Heiligenmann<\/p><p><strong><em>Der RV Steyr gratuliert Larissa recht herzlich zu ihrem fantastischen Wettkampfeinstieg!<\/em><\/strong><\/p>\t\t\t\t\t\t\t\t<\/div>\n\t\t\t\t<\/div>\n\t\t\t\t\t<\/div>\n\t\t<\/div>\n\t\t\t\t<div class=\"elementor-column elementor-col-16 elementor-top-column elementor-element elementor-element-494626c\" data-id=\"494626c\" data-element_type=\"column\" data-e-type=\"column\">\n\t\t\t<div class=\"elementor-widget-wrap\">\n\t\t\t\t\t\t\t<\/div>\n\t\t<\/div>\n\t\t\t\t\t<\/div>\n\t\t<\/section>\n\t\t\t\t<\/div>\n\t\t","protected":false},"excerpt":{"rendered":"<p>\u00d6sterreichische Indoor-Meisterschaften: Nitsche holt Spitzenergebnis f\u00fcr Steyr! 26. J\u00e4nner 2020 Sensationelles Ergebnis f\u00fcr den RV Steyr bei den \u00d6sterreichischen Indoor-Rudermeisteschaften in Salzburg\/Rif: Larissa Nitsche sicherte sich mit pers\u00f6nlicher Bestleistung den 5. Rang bei den Juniorinnen B und landet damit gleich bei ihrem ersten Wettkampf im Spitzenfeld! Wettkampfsaison 2020 er\u00f6ffnetDie 31. \u00d6sterreichischen Ruder-Indoormeisterschaften wurden bereits zum [&hellip;]<\/p>\n","protected":false},"author":2,"featured_media":0,"comment_status":"closed","ping_status":"closed","sticky":false,"template":"","format":"standard","meta":{"ocean_post_layout":"full-screen","ocean_both_sidebars_style":"","ocean_both_sidebars_content_width":0,"ocean_both_sidebars_sidebars_width":0,"ocean_sidebar":"0","ocean_second_sidebar":"0","ocean_disable_margins":"enable","ocean_add_body_class":"","ocean_shortcode_before_top_bar":"","ocean_shortcode_after_top_bar":"","ocean_shortcode_before_header":"","ocean_shortcode_after_header":"","ocean_has_shortcode":"","ocean_shortcode_after_title":"","ocean_shortcode_before_footer_widgets":"","ocean_shortcode_after_footer_widgets":"","ocean_shortcode_before_footer_bottom":"","ocean_shortcode_after_footer_bottom":"","ocean_display_top_bar":"off","ocean_display_header":"on","ocean_header_style":"","ocean_center_header_left_menu":"0","ocean_custom_header_template":"0","ocean_custom_logo":0,"ocean_custom_retina_logo":0,"ocean_custom_logo_max_width":0,"ocean_custom_logo_tablet_max_width":0,"ocean_custom_logo_mobile_max_width":0,"ocean_custom_logo_max_height":0,"ocean_custom_logo_tablet_max_height":0,"ocean_custom_logo_mobile_max_height":0,"ocean_header_custom_menu":"0","ocean_menu_typo_font_family":"0","ocean_menu_typo_font_subset":"","ocean_menu_typo_font_size":0,"ocean_menu_typo_font_size_tablet":0,"ocean_menu_typo_font_size_mobile":0,"ocean_menu_typo_font_size_unit":"px","ocean_menu_typo_font_weight":"","ocean_menu_typo_font_weight_tablet":"","ocean_menu_typo_font_weight_mobile":"","ocean_menu_typo_transform":"","ocean_menu_typo_transform_tablet":"","ocean_menu_typo_transform_mobile":"","ocean_menu_typo_line_height":0,"ocean_menu_typo_line_height_tablet":0,"ocean_menu_typo_line_height_mobile":0,"ocean_menu_typo_line_height_unit":"","ocean_menu_typo_spacing":0,"ocean_menu_typo_spacing_tablet":0,"ocean_menu_typo_spacing_mobile":0,"ocean_menu_typo_spacing_unit":"","ocean_menu_link_color":"","ocean_menu_link_color_hover":"","ocean_menu_link_color_active":"","ocean_menu_link_background":"","ocean_menu_link_hover_background":"","ocean_menu_link_active_background":"","ocean_menu_social_links_bg":"","ocean_menu_social_hover_links_bg":"","ocean_menu_social_links_color":"","ocean_menu_social_hover_links_color":"","ocean_disable_title":"on","ocean_disable_heading":"default","ocean_post_title":"","ocean_post_subheading":"","ocean_post_title_style":"","ocean_post_title_background_color":"","ocean_post_title_background":0,"ocean_post_title_bg_image_position":"","ocean_post_title_bg_image_attachment":"","ocean_post_title_bg_image_repeat":"","ocean_post_title_bg_image_size":"","ocean_post_title_height":0,"ocean_post_title_bg_overlay":0.5,"ocean_post_title_bg_overlay_color":"","ocean_disable_breadcrumbs":"off","ocean_breadcrumbs_color":"","ocean_breadcrumbs_separator_color":"","ocean_breadcrumbs_links_color":"","ocean_breadcrumbs_links_hover_color":"","ocean_display_footer_widgets":"on","ocean_display_footer_bottom":"on","ocean_custom_footer_template":"0","ocean_post_oembed":"","ocean_post_self_hosted_media":"","ocean_post_video_embed":"","ocean_link_format":"","ocean_link_format_target":"self","ocean_quote_format":"","ocean_quote_format_link":"post","ocean_gallery_link_images":"off","ocean_gallery_id":[],"footnotes":""},"categories":[13],"tags":[],"class_list":["post-977","post","type-post","status-publish","format-standard","hentry","category-13","entry"],"_links":{"self":[{"href":"https:\/\/ruderverein-steyr.at\/index.php\/wp-json\/wp\/v2\/posts\/977","targetHints":{"allow":["GET"]}}],"collection":[{"href":"https:\/\/ruderverein-steyr.at\/index.php\/wp-json\/wp\/v2\/posts"}],"about":[{"href":"https:\/\/ruderverein-steyr.at\/index.php\/wp-json\/wp\/v2\/types\/post"}],"author":[{"embeddable":true,"href":"https:\/\/ruderverein-steyr.at\/index.php\/wp-json\/wp\/v2\/users\/2"}],"replies":[{"embeddable":true,"href":"https:\/\/ruderverein-steyr.at\/index.php\/wp-json\/wp\/v2\/comments?post=977"}],"version-history":[{"count":13,"href":"https:\/\/ruderverein-steyr.at\/index.php\/wp-json\/wp\/v2\/posts\/977\/revisions"}],"predecessor-version":[{"id":1239,"href":"https:\/\/ruderverein-steyr.at\/index.php\/wp-json\/wp\/v2\/posts\/977\/revisions\/1239"}],"wp:attachment":[{"href":"https:\/\/ruderverein-steyr.at\/index.php\/wp-json\/wp\/v2\/media?parent=977"}],"wp:term":[{"taxonomy":"category","embeddable":true,"href":"https:\/\/ruderverein-steyr.at\/index.php\/wp-json\/wp\/v2\/categories?post=977"},{"taxonomy":"post_tag","embeddable":true,"href":"https:\/\/ruderverein-steyr.at\/index.php\/wp-json\/wp\/v2\/tags?post=977"}],"curies":[{"name":"wp","href":"https:\/\/api.w.org\/{rel}","templated":true}]}}