{"id":3806,"date":"2026-03-15T11:18:51","date_gmt":"2026-03-15T09:18:51","guid":{"rendered":"https:\/\/ruderverein-steyr.at\/?p=3806"},"modified":"2026-03-17T22:48:25","modified_gmt":"2026-03-17T20:48:25","slug":"hirtenlehner-zur-ooerv-vize-praesidentin-gewaehlt","status":"publish","type":"post","link":"https:\/\/ruderverein-steyr.at\/index.php\/2026\/03\/15\/hirtenlehner-zur-ooerv-vize-praesidentin-gewaehlt\/","title":{"rendered":"Hirtenlehner zur O\u00d6RV Vizepr\u00e4sidentin gew\u00e4hlt"},"content":{"rendered":"\t\t<div data-elementor-type=\"wp-post\" data-elementor-id=\"3806\" class=\"elementor elementor-3806\">\n\t\t\t\t\t\t<section class=\"elementor-section elementor-top-section elementor-element elementor-element-4abce76 elementor-section-boxed elementor-section-height-default elementor-section-height-default\" data-id=\"4abce76\" data-element_type=\"section\" data-e-type=\"section\">\n\t\t\t\t\t\t<div class=\"elementor-container elementor-column-gap-default\">\n\t\t\t\t\t<div class=\"elementor-column elementor-col-100 elementor-top-column elementor-element elementor-element-d101227\" data-id=\"d101227\" data-element_type=\"column\" data-e-type=\"column\">\n\t\t\t<div class=\"elementor-widget-wrap elementor-element-populated\">\n\t\t\t\t\t\t<div class=\"elementor-element elementor-element-418b4fb elementor-widget elementor-widget-spacer\" data-id=\"418b4fb\" data-element_type=\"widget\" data-e-type=\"widget\" data-widget_type=\"spacer.default\">\n\t\t\t\t<div class=\"elementor-widget-container\">\n\t\t\t\t\t\t\t<div class=\"elementor-spacer\">\n\t\t\t<div class=\"elementor-spacer-inner\"><\/div>\n\t\t<\/div>\n\t\t\t\t\t\t<\/div>\n\t\t\t\t<\/div>\n\t\t\t\t\t<\/div>\n\t\t<\/div>\n\t\t\t\t\t<\/div>\n\t\t<\/section>\n\t\t\t\t<section class=\"elementor-section elementor-top-section elementor-element elementor-element-41b19bd elementor-section-boxed elementor-section-height-default elementor-section-height-default\" data-id=\"41b19bd\" data-element_type=\"section\" data-e-type=\"section\">\n\t\t\t\t\t\t<div class=\"elementor-container elementor-column-gap-default\">\n\t\t\t\t\t<div class=\"elementor-column elementor-col-25 elementor-top-column elementor-element elementor-element-b43256d\" data-id=\"b43256d\" data-element_type=\"column\" data-e-type=\"column\">\n\t\t\t<div class=\"elementor-widget-wrap\">\n\t\t\t\t\t\t\t<\/div>\n\t\t<\/div>\n\t\t\t\t<div class=\"elementor-column elementor-col-50 elementor-top-column elementor-element elementor-element-1c5d6ba\" data-id=\"1c5d6ba\" data-element_type=\"column\" data-e-type=\"column\">\n\t\t\t<div class=\"elementor-widget-wrap elementor-element-populated\">\n\t\t\t\t\t\t<div class=\"elementor-element elementor-element-281ac7b elementor-widget elementor-widget-text-editor\" data-id=\"281ac7b\" data-element_type=\"widget\" data-e-type=\"widget\" data-widget_type=\"text-editor.default\">\n\t\t\t\t<div class=\"elementor-widget-container\">\n\t\t\t\t\t\t\t\t\t<h1><span data-olk-copy-source=\"MessageBody\">Hirtenlehner zur O\u00d6RV Vizepr\u00e4sidentin gew\u00e4hlt<\/span><\/h1><p><span style=\"color: #bbbbbd;\">15. M\u00e4rz 2026<\/span><\/p>\t\t\t\t\t\t\t\t<\/div>\n\t\t\t\t<\/div>\n\t\t\t\t\t<\/div>\n\t\t<\/div>\n\t\t\t\t<div class=\"elementor-column elementor-col-25 elementor-top-column elementor-element elementor-element-b2c1883\" data-id=\"b2c1883\" data-element_type=\"column\" data-e-type=\"column\">\n\t\t\t<div class=\"elementor-widget-wrap\">\n\t\t\t\t\t\t\t<\/div>\n\t\t<\/div>\n\t\t\t\t\t<\/div>\n\t\t<\/section>\n\t\t\t\t<section class=\"elementor-section elementor-top-section elementor-element elementor-element-7a55adc elementor-section-boxed elementor-section-height-default elementor-section-height-default\" data-id=\"7a55adc\" data-element_type=\"section\" data-e-type=\"section\">\n\t\t\t\t\t\t<div class=\"elementor-container elementor-column-gap-default\">\n\t\t\t\t\t<div class=\"elementor-column elementor-col-33 elementor-top-column elementor-element elementor-element-320ceed\" data-id=\"320ceed\" data-element_type=\"column\" data-e-type=\"column\">\n\t\t\t<div class=\"elementor-widget-wrap\">\n\t\t\t\t\t\t\t<\/div>\n\t\t<\/div>\n\t\t\t\t<div class=\"elementor-column elementor-col-33 elementor-top-column elementor-element elementor-element-1d19e0a\" data-id=\"1d19e0a\" data-element_type=\"column\" data-e-type=\"column\">\n\t\t\t<div class=\"elementor-widget-wrap elementor-element-populated\">\n\t\t\t\t\t\t<div class=\"elementor-element elementor-element-759c9ab elementor-widget elementor-widget-text-editor\" data-id=\"759c9ab\" data-element_type=\"widget\" data-e-type=\"widget\" data-widget_type=\"text-editor.default\">\n\t\t\t\t<div class=\"elementor-widget-container\">\n\t\t\t\t\t\t\t\t\t<div class=\"x_elementToProof\" style=\"text-align: justify;\" data-olk-copy-source=\"MessageBody\">\n<div class=\"x_elementToProof\" data-olk-copy-source=\"MessageBody\"><img decoding=\"async\" class=\" wp-image-3808 alignleft\" src=\"https:\/\/ruderverein-steyr.at\/wp-content\/uploads\/2026\/03\/40aa8fab-8379-44bc-9303-b983d81dfe20-300x229.png\" alt=\"\" width=\"179\" height=\"137\" srcset=\"https:\/\/ruderverein-steyr.at\/wp-content\/uploads\/2026\/03\/40aa8fab-8379-44bc-9303-b983d81dfe20-300x229.png 300w, https:\/\/ruderverein-steyr.at\/wp-content\/uploads\/2026\/03\/40aa8fab-8379-44bc-9303-b983d81dfe20.png 654w\" sizes=\"(max-width: 179px) 100vw, 179px\" \/>Am 10.03.2026 fand die Generalversammlung des \u00d6sterreichischen Ruderverbands (O\u00d6RV) beim Linzer Ruderverein Ister statt. Ein wesentlicher Punkt auf der Tagesordnung war dabei die Wahl des neuen Vorstands. Bereits seit einem Jahr ist unsere Obfrau Lisa Hirtenlehner als Referentin f\u00fcr \u00d6ffentlichkeitsarbeit Teil des Vorstands. Nun stellt sie sich der n\u00e4chsten Herausforderung, denn die Steyrerin wurde einstimmig zur Vizepr\u00e4sidentin gew\u00e4hlt.<\/div>\n<div class=\"x_elementToProof\">&nbsp;<\/div>\n<div class=\"x_elementToProof\">Hirtenlehner zu ihrer neuen Funktion im O\u00d6RV: &#8222;<i>Als ich den Anruf erhielt, Wunschkandidatin f\u00fcr diese Position zu sein, war ich nat\u00fcrlich etwas \u00fcberrascht, aber f\u00fchlte mich gleichzeitig geehrt. Die neun ober\u00f6sterreichischen Rudervereine haben in den letzten eineinhalb Jahren gemeinsam angepackt, um den O\u00d6RV strukturell, aber vor allem finanziell wieder auf Schiene zu bringen. Wir haben uns auch dazu entschieden, dass die Funktionsperiode jeweils nur f\u00fcr ein Jahr angesetzt ist &#8211; immerhin m\u00fcssen die Vereinspr\u00e4sident:innen\/Vereinsobm\u00e4nner\/-frauen weiterhin Zeit f\u00fcr ihre Vereine haben. Mit dem neuen O\u00d6RV Pr\u00e4sidenten, Alexander Weigl (Linzer Ruderverein Ister), verstehe ich mich sehr gut &#8211; ich gespannt auf das kommende Jahr und hoffe auf Unterst\u00fctzung von allen ober\u00f6sterreichischen Rudervereinen.&#8220;<\/i><\/div>\n<div class=\"x_elementToProof\">&nbsp;<\/div>\n<div class=\"x_elementToProof\"><span style=\"text-decoration: underline;\"><a title=\"https:\/\/www.rudern-ooe.at\/\" href=\"https:\/\/www.rudern-ooe.at\/\" data-auth=\"NotApplicable\" data-linkindex=\"0\">Homepage O\u00d6RV<\/a><\/span><\/div>\n<div class=\"x_elementToProof\">&nbsp;<\/div>\n<div class=\"x_elementToProof\"><strong>Wir w\u00fcnschen unsere Obfrau alles Gute f\u00fcr dieses neue Aufgabe!<\/strong><\/div>\n<div class=\"x_elementToProof\">&nbsp;<\/div>\n<\/div>\t\t\t\t\t\t\t\t<\/div>\n\t\t\t\t<\/div>\n\t\t\t\t\t<\/div>\n\t\t<\/div>\n\t\t\t\t<div class=\"elementor-column elementor-col-33 elementor-top-column elementor-element elementor-element-81b289d\" data-id=\"81b289d\" data-element_type=\"column\" data-e-type=\"column\">\n\t\t\t<div class=\"elementor-widget-wrap\">\n\t\t\t\t\t\t\t<\/div>\n\t\t<\/div>\n\t\t\t\t\t<\/div>\n\t\t<\/section>\n\t\t\t\t<section class=\"elementor-section elementor-top-section elementor-element elementor-element-635ca0a elementor-section-boxed elementor-section-height-default elementor-section-height-default\" data-id=\"635ca0a\" data-element_type=\"section\" data-e-type=\"section\">\n\t\t\t\t\t\t<div class=\"elementor-container elementor-column-gap-default\">\n\t\t\t\t\t<div class=\"elementor-column elementor-col-100 elementor-top-column elementor-element elementor-element-5b74eba\" data-id=\"5b74eba\" data-element_type=\"column\" data-e-type=\"column\">\n\t\t\t<div class=\"elementor-widget-wrap elementor-element-populated\">\n\t\t\t\t\t\t<div class=\"elementor-element elementor-element-3002157 elementor-widget elementor-widget-spacer\" data-id=\"3002157\" data-element_type=\"widget\" data-e-type=\"widget\" data-widget_type=\"spacer.default\">\n\t\t\t\t<div class=\"elementor-widget-container\">\n\t\t\t\t\t\t\t<div class=\"elementor-spacer\">\n\t\t\t<div class=\"elementor-spacer-inner\"><\/div>\n\t\t<\/div>\n\t\t\t\t\t\t<\/div>\n\t\t\t\t<\/div>\n\t\t\t\t\t<\/div>\n\t\t<\/div>\n\t\t\t\t\t<\/div>\n\t\t<\/section>\n\t\t\t\t<\/div>\n\t\t","protected":false},"excerpt":{"rendered":"<p>Hirtenlehner zur O\u00d6RV Vizepr\u00e4sidentin gew\u00e4hlt 15. M\u00e4rz 2026 Am 10.03.2026 fand die Generalversammlung des \u00d6sterreichischen Ruderverbands (O\u00d6RV) beim Linzer Ruderverein Ister statt. Ein wesentlicher Punkt auf der Tagesordnung war dabei die Wahl des neuen Vorstands. Bereits seit einem Jahr ist unsere Obfrau Lisa Hirtenlehner als Referentin f\u00fcr \u00d6ffentlichkeitsarbeit Teil des Vorstands. Nun stellt sie sich [&hellip;]<\/p>\n","protected":false},"author":2,"featured_media":0,"comment_status":"closed","ping_status":"closed","sticky":false,"template":"","format":"standard","meta":{"ocean_post_layout":"full-screen","ocean_both_sidebars_style":"","ocean_both_sidebars_content_width":0,"ocean_both_sidebars_sidebars_width":0,"ocean_sidebar":"0","ocean_second_sidebar":"0","ocean_disable_margins":"enable","ocean_add_body_class":"","ocean_shortcode_before_top_bar":"","ocean_shortcode_after_top_bar":"","ocean_shortcode_before_header":"","ocean_shortcode_after_header":"","ocean_has_shortcode":"","ocean_shortcode_after_title":"","ocean_shortcode_before_footer_widgets":"","ocean_shortcode_after_footer_widgets":"","ocean_shortcode_before_footer_bottom":"","ocean_shortcode_after_footer_bottom":"","ocean_display_top_bar":"off","ocean_display_header":"on","ocean_header_style":"","ocean_center_header_left_menu":"0","ocean_custom_header_template":"0","ocean_custom_logo":0,"ocean_custom_retina_logo":0,"ocean_custom_logo_max_width":0,"ocean_custom_logo_tablet_max_width":0,"ocean_custom_logo_mobile_max_width":0,"ocean_custom_logo_max_height":0,"ocean_custom_logo_tablet_max_height":0,"ocean_custom_logo_mobile_max_height":0,"ocean_header_custom_menu":"0","ocean_menu_typo_font_family":"0","ocean_menu_typo_font_subset":"","ocean_menu_typo_font_size":0,"ocean_menu_typo_font_size_tablet":0,"ocean_menu_typo_font_size_mobile":0,"ocean_menu_typo_font_size_unit":"px","ocean_menu_typo_font_weight":"","ocean_menu_typo_font_weight_tablet":"","ocean_menu_typo_font_weight_mobile":"","ocean_menu_typo_transform":"","ocean_menu_typo_transform_tablet":"","ocean_menu_typo_transform_mobile":"","ocean_menu_typo_line_height":0,"ocean_menu_typo_line_height_tablet":0,"ocean_menu_typo_line_height_mobile":0,"ocean_menu_typo_line_height_unit":"","ocean_menu_typo_spacing":0,"ocean_menu_typo_spacing_tablet":0,"ocean_menu_typo_spacing_mobile":0,"ocean_menu_typo_spacing_unit":"","ocean_menu_link_color":"","ocean_menu_link_color_hover":"","ocean_menu_link_color_active":"","ocean_menu_link_background":"","ocean_menu_link_hover_background":"","ocean_menu_link_active_background":"","ocean_menu_social_links_bg":"","ocean_menu_social_hover_links_bg":"","ocean_menu_social_links_color":"","ocean_menu_social_hover_links_color":"","ocean_disable_title":"on","ocean_disable_heading":"default","ocean_post_title":"","ocean_post_subheading":"","ocean_post_title_style":"","ocean_post_title_background_color":"","ocean_post_title_background":0,"ocean_post_title_bg_image_position":"","ocean_post_title_bg_image_attachment":"","ocean_post_title_bg_image_repeat":"","ocean_post_title_bg_image_size":"","ocean_post_title_height":0,"ocean_post_title_bg_overlay":0.5,"ocean_post_title_bg_overlay_color":"","ocean_disable_breadcrumbs":"off","ocean_breadcrumbs_color":"","ocean_breadcrumbs_separator_color":"","ocean_breadcrumbs_links_color":"","ocean_breadcrumbs_links_hover_color":"","ocean_display_footer_widgets":"on","ocean_display_footer_bottom":"on","ocean_custom_footer_template":"0","ocean_post_oembed":"","ocean_post_self_hosted_media":"","ocean_post_video_embed":"","ocean_link_format":"","ocean_link_format_target":"self","ocean_quote_format":"","ocean_quote_format_link":"post","ocean_gallery_link_images":"off","ocean_gallery_id":[],"footnotes":""},"categories":[23],"tags":[],"class_list":["post-3806","post","type-post","status-publish","format-standard","hentry","category-23","entry"],"_links":{"self":[{"href":"https:\/\/ruderverein-steyr.at\/index.php\/wp-json\/wp\/v2\/posts\/3806","targetHints":{"allow":["GET"]}}],"collection":[{"href":"https:\/\/ruderverein-steyr.at\/index.php\/wp-json\/wp\/v2\/posts"}],"about":[{"href":"https:\/\/ruderverein-steyr.at\/index.php\/wp-json\/wp\/v2\/types\/post"}],"author":[{"embeddable":true,"href":"https:\/\/ruderverein-steyr.at\/index.php\/wp-json\/wp\/v2\/users\/2"}],"replies":[{"embeddable":true,"href":"https:\/\/ruderverein-steyr.at\/index.php\/wp-json\/wp\/v2\/comments?post=3806"}],"version-history":[{"count":8,"href":"https:\/\/ruderverein-steyr.at\/index.php\/wp-json\/wp\/v2\/posts\/3806\/revisions"}],"predecessor-version":[{"id":3828,"href":"https:\/\/ruderverein-steyr.at\/index.php\/wp-json\/wp\/v2\/posts\/3806\/revisions\/3828"}],"wp:attachment":[{"href":"https:\/\/ruderverein-steyr.at\/index.php\/wp-json\/wp\/v2\/media?parent=3806"}],"wp:term":[{"taxonomy":"category","embeddable":true,"href":"https:\/\/ruderverein-steyr.at\/index.php\/wp-json\/wp\/v2\/categories?post=3806"},{"taxonomy":"post_tag","embeddable":true,"href":"https:\/\/ruderverein-steyr.at\/index.php\/wp-json\/wp\/v2\/tags?post=3806"}],"curies":[{"name":"wp","href":"https:\/\/api.w.org\/{rel}","templated":true}]}}