{"id":2605,"date":"2024-03-24T19:14:11","date_gmt":"2024-03-24T19:14:11","guid":{"rendered":"https:\/\/ruderverein-steyr.at\/?p=2605"},"modified":"2024-03-25T19:28:20","modified_gmt":"2024-03-25T19:28:20","slug":"bereit-fuer-die-rudersaison","status":"publish","type":"post","link":"https:\/\/ruderverein-steyr.at\/index.php\/2024\/03\/24\/bereit-fuer-die-rudersaison\/","title":{"rendered":"Bereit f\u00fcr die Rudersaison"},"content":{"rendered":"\t\t<div data-elementor-type=\"wp-post\" data-elementor-id=\"2605\" class=\"elementor elementor-2605\">\n\t\t\t\t\t\t<section class=\"elementor-section elementor-top-section elementor-element elementor-element-4abce76 elementor-section-boxed elementor-section-height-default elementor-section-height-default\" data-id=\"4abce76\" data-element_type=\"section\" data-e-type=\"section\">\n\t\t\t\t\t\t<div class=\"elementor-container elementor-column-gap-default\">\n\t\t\t\t\t<div class=\"elementor-column elementor-col-100 elementor-top-column elementor-element elementor-element-d101227\" data-id=\"d101227\" data-element_type=\"column\" data-e-type=\"column\">\n\t\t\t<div class=\"elementor-widget-wrap elementor-element-populated\">\n\t\t\t\t\t\t<div class=\"elementor-element elementor-element-418b4fb elementor-widget elementor-widget-spacer\" data-id=\"418b4fb\" data-element_type=\"widget\" data-e-type=\"widget\" data-widget_type=\"spacer.default\">\n\t\t\t\t<div class=\"elementor-widget-container\">\n\t\t\t\t\t\t\t<div class=\"elementor-spacer\">\n\t\t\t<div class=\"elementor-spacer-inner\"><\/div>\n\t\t<\/div>\n\t\t\t\t\t\t<\/div>\n\t\t\t\t<\/div>\n\t\t\t\t\t<\/div>\n\t\t<\/div>\n\t\t\t\t\t<\/div>\n\t\t<\/section>\n\t\t\t\t<section class=\"elementor-section elementor-top-section elementor-element elementor-element-41b19bd elementor-section-boxed elementor-section-height-default elementor-section-height-default\" data-id=\"41b19bd\" data-element_type=\"section\" data-e-type=\"section\">\n\t\t\t\t\t\t<div class=\"elementor-container elementor-column-gap-default\">\n\t\t\t\t\t<div class=\"elementor-column elementor-col-25 elementor-top-column elementor-element elementor-element-b43256d\" data-id=\"b43256d\" data-element_type=\"column\" data-e-type=\"column\">\n\t\t\t<div class=\"elementor-widget-wrap\">\n\t\t\t\t\t\t\t<\/div>\n\t\t<\/div>\n\t\t\t\t<div class=\"elementor-column elementor-col-50 elementor-top-column elementor-element elementor-element-1c5d6ba\" data-id=\"1c5d6ba\" data-element_type=\"column\" data-e-type=\"column\">\n\t\t\t<div class=\"elementor-widget-wrap elementor-element-populated\">\n\t\t\t\t\t\t<div class=\"elementor-element elementor-element-281ac7b elementor-widget elementor-widget-text-editor\" data-id=\"281ac7b\" data-element_type=\"widget\" data-e-type=\"widget\" data-widget_type=\"text-editor.default\">\n\t\t\t\t<div class=\"elementor-widget-container\">\n\t\t\t\t\t\t\t\t\t<h1 style=\"text-align: left;\">Bereit f\u00fcr die Rudersaison<\/h1><p><span style=\"color: #bbbbbd;\">24. M\u00e4rz 2024<\/span><\/p>\t\t\t\t\t\t\t\t<\/div>\n\t\t\t\t<\/div>\n\t\t\t\t\t<\/div>\n\t\t<\/div>\n\t\t\t\t<div class=\"elementor-column elementor-col-25 elementor-top-column elementor-element elementor-element-b2c1883\" data-id=\"b2c1883\" data-element_type=\"column\" data-e-type=\"column\">\n\t\t\t<div class=\"elementor-widget-wrap\">\n\t\t\t\t\t\t\t<\/div>\n\t\t<\/div>\n\t\t\t\t\t<\/div>\n\t\t<\/section>\n\t\t\t\t<section class=\"elementor-section elementor-top-section elementor-element elementor-element-1d54334 elementor-section-boxed elementor-section-height-default elementor-section-height-default\" data-id=\"1d54334\" data-element_type=\"section\" data-e-type=\"section\">\n\t\t\t\t\t\t<div class=\"elementor-container elementor-column-gap-default\">\n\t\t\t\t\t<div class=\"elementor-column elementor-col-33 elementor-top-column elementor-element elementor-element-9b8294b\" data-id=\"9b8294b\" data-element_type=\"column\" data-e-type=\"column\">\n\t\t\t<div class=\"elementor-widget-wrap\">\n\t\t\t\t\t\t\t<\/div>\n\t\t<\/div>\n\t\t\t\t<div class=\"elementor-column elementor-col-33 elementor-top-column elementor-element elementor-element-d82df17\" data-id=\"d82df17\" data-element_type=\"column\" data-e-type=\"column\">\n\t\t\t<div class=\"elementor-widget-wrap elementor-element-populated\">\n\t\t\t\t\t\t<div class=\"elementor-element elementor-element-d070e03 elementor-arrows-position-inside elementor-pagination-position-outside elementor-widget elementor-widget-image-carousel\" data-id=\"d070e03\" data-element_type=\"widget\" data-e-type=\"widget\" data-settings=\"{&quot;slides_to_show&quot;:&quot;3&quot;,&quot;_animation&quot;:&quot;none&quot;,&quot;navigation&quot;:&quot;both&quot;,&quot;autoplay&quot;:&quot;yes&quot;,&quot;pause_on_hover&quot;:&quot;yes&quot;,&quot;pause_on_interaction&quot;:&quot;yes&quot;,&quot;autoplay_speed&quot;:5000,&quot;infinite&quot;:&quot;yes&quot;,&quot;speed&quot;:500}\" data-widget_type=\"image-carousel.default\">\n\t\t\t\t<div class=\"elementor-widget-container\">\n\t\t\t\t\t\t\t<div class=\"elementor-image-carousel-wrapper swiper\" role=\"region\" aria-roledescription=\"carousel\" aria-label=\"Image Carousel\" dir=\"ltr\">\n\t\t\t<div class=\"elementor-image-carousel swiper-wrapper\" aria-live=\"off\">\n\t\t\t\t\t\t\t\t<div class=\"swiper-slide\" role=\"group\" aria-roledescription=\"slide\" aria-label=\"1 of 4\"><figure class=\"swiper-slide-inner\"><img decoding=\"async\" class=\"swiper-slide-image\" src=\"https:\/\/ruderverein-steyr.at\/wp-content\/uploads\/2024\/03\/image00004-768x1024.jpeg\" alt=\"image00004\" \/><\/figure><\/div><div class=\"swiper-slide\" role=\"group\" aria-roledescription=\"slide\" aria-label=\"2 of 4\"><figure class=\"swiper-slide-inner\"><img decoding=\"async\" class=\"swiper-slide-image\" src=\"https:\/\/ruderverein-steyr.at\/wp-content\/uploads\/2024\/03\/image00005-768x1024.jpeg\" alt=\"image00005\" \/><\/figure><\/div><div class=\"swiper-slide\" role=\"group\" aria-roledescription=\"slide\" aria-label=\"3 of 4\"><figure class=\"swiper-slide-inner\"><img decoding=\"async\" class=\"swiper-slide-image\" src=\"https:\/\/ruderverein-steyr.at\/wp-content\/uploads\/2024\/03\/image00006-768x1024.jpeg\" alt=\"image00006\" \/><\/figure><\/div><div class=\"swiper-slide\" role=\"group\" aria-roledescription=\"slide\" aria-label=\"4 of 4\"><figure class=\"swiper-slide-inner\"><img decoding=\"async\" class=\"swiper-slide-image\" src=\"https:\/\/ruderverein-steyr.at\/wp-content\/uploads\/2024\/03\/image00009-768x1024.jpeg\" alt=\"image00009\" \/><\/figure><\/div>\t\t\t<\/div>\n\t\t\t\t\t\t\t\t\t\t\t\t<div class=\"elementor-swiper-button elementor-swiper-button-prev\" role=\"button\" tabindex=\"0\">\n\t\t\t\t\t\t<i aria-hidden=\"true\" class=\"eicon-chevron-left\"><\/i>\t\t\t\t\t<\/div>\n\t\t\t\t\t<div class=\"elementor-swiper-button elementor-swiper-button-next\" role=\"button\" tabindex=\"0\">\n\t\t\t\t\t\t<i aria-hidden=\"true\" class=\"eicon-chevron-right\"><\/i>\t\t\t\t\t<\/div>\n\t\t\t\t\n\t\t\t\t\t\t\t\t\t<div class=\"swiper-pagination\"><\/div>\n\t\t\t\t\t\t\t\t\t<\/div>\n\t\t\t\t\t\t<\/div>\n\t\t\t\t<\/div>\n\t\t\t\t\t<\/div>\n\t\t<\/div>\n\t\t\t\t<div class=\"elementor-column elementor-col-33 elementor-top-column elementor-element elementor-element-9f36721\" data-id=\"9f36721\" data-element_type=\"column\" data-e-type=\"column\">\n\t\t\t<div class=\"elementor-widget-wrap\">\n\t\t\t\t\t\t\t<\/div>\n\t\t<\/div>\n\t\t\t\t\t<\/div>\n\t\t<\/section>\n\t\t\t\t<section class=\"elementor-section elementor-top-section elementor-element elementor-element-de7de12 elementor-section-boxed elementor-section-height-default elementor-section-height-default\" data-id=\"de7de12\" data-element_type=\"section\" data-e-type=\"section\">\n\t\t\t\t\t\t<div class=\"elementor-container elementor-column-gap-default\">\n\t\t\t\t\t<div class=\"elementor-column elementor-col-33 elementor-top-column elementor-element elementor-element-e24d93e\" data-id=\"e24d93e\" data-element_type=\"column\" data-e-type=\"column\">\n\t\t\t<div class=\"elementor-widget-wrap\">\n\t\t\t\t\t\t\t<\/div>\n\t\t<\/div>\n\t\t\t\t<div class=\"elementor-column elementor-col-33 elementor-top-column elementor-element elementor-element-4755085\" data-id=\"4755085\" data-element_type=\"column\" data-e-type=\"column\">\n\t\t\t<div class=\"elementor-widget-wrap elementor-element-populated\">\n\t\t\t\t\t\t<div class=\"elementor-element elementor-element-d1ce780 elementor-widget elementor-widget-text-editor\" data-id=\"d1ce780\" data-element_type=\"widget\" data-e-type=\"widget\" data-widget_type=\"text-editor.default\">\n\t\t\t\t<div class=\"elementor-widget-container\">\n\t\t\t\t\t\t\t\t\t<p style=\"text-align: justify;\">Die Tage werden wieder l\u00e4nger und die Temperaturen steigen &#8211; der Fr\u00fchling ist da und somit auch der Start f\u00fcr die neue Rudersaison! Aus diesem Grund haben wir am 23. M\u00e4rz das Bootshaus in Garsten aus dem Winterschlaf geholt.<\/p><p style=\"text-align: justify;\">Ein Dutzend motivierter Mitglieder versammelte sich im Garstner Bootshaus, ausgestattet mit Werkzeug und Putzutensilien, um den Startschuss f\u00fcr die Rudersaion zu geben. Damit dem Rudervergn\u00fcgen nichts im Weg steht, wurden alle Boote gereinigt und auf Sch\u00e4den kontrolliert. Auch die Skulls und Riemen wurden einer Reinigung und einem Check unterzogen. Die Bootshalle erstrahlt &#8211; Dank geputzter Fenster und gekehrtem Boden &#8211; fast in neuem Glanz. Gl\u00e4nzend pr\u00e4sentieren sich ebenso\u00a0die geputzten Pokale in der K\u00fcche. Dort wurde die Sitzecke\u00a0entstaubt und der K\u00fchlschrank gereinigt. Unsere Sanit\u00e4ranlagen sind ebenfalls gereinigt,\u00a0allerdings ist das Aufdrehen der Wasserleitung noch ausst\u00e4ndig.\u00a0<\/p><p style=\"text-align: justify;\"><img fetchpriority=\"high\" decoding=\"async\" class=\" wp-image-2612 alignright\" src=\"https:\/\/ruderverein-steyr.at\/wp-content\/uploads\/2024\/03\/image00008-scaled-e1711394725307-300x188.jpeg\" alt=\"\" width=\"437\" height=\"274\" srcset=\"https:\/\/ruderverein-steyr.at\/wp-content\/uploads\/2024\/03\/image00008-scaled-e1711394725307-300x188.jpeg 300w, https:\/\/ruderverein-steyr.at\/wp-content\/uploads\/2024\/03\/image00008-scaled-e1711394725307-1024x640.jpeg 1024w, https:\/\/ruderverein-steyr.at\/wp-content\/uploads\/2024\/03\/image00008-scaled-e1711394725307-768x480.jpeg 768w, https:\/\/ruderverein-steyr.at\/wp-content\/uploads\/2024\/03\/image00008-scaled-e1711394725307-1536x960.jpeg 1536w, https:\/\/ruderverein-steyr.at\/wp-content\/uploads\/2024\/03\/image00008-scaled-e1711394725307-2048x1280.jpeg 2048w\" sizes=\"(max-width: 437px) 100vw, 437px\" \/>Rund um die Bootshalle ging es einem Teil unserer Thujen-Hecke an den Kragen. Die Last des Schnees hat im Winter einige B\u00e4ume weit in unser Areal h\u00e4ngen lassen. Da diese teileweise nicht mehr aufgestellt werden konnten, mussten sie\u00a0gek\u00fcrzt werden. Weiters wurden der Abstellplatz f\u00fcr den Bootsh\u00e4nger und die Stelle f\u00fcr das Motorboot von st\u00f6renden \u00c4sten befreit. Nach rund dreieinhalb Stunden Arbeitseinsatz, gab es als Belohnung schmackhafte Kuchen! Der neuen Rudersaison steht somit nichts mehr im Weg!<\/p><p><strong>Ein gro\u00dfes Dankesch\u00f6n\u00a0an alle, die mitgeholfen haben!<\/strong><\/p>\t\t\t\t\t\t\t\t<\/div>\n\t\t\t\t<\/div>\n\t\t\t\t\t<\/div>\n\t\t<\/div>\n\t\t\t\t<div class=\"elementor-column elementor-col-33 elementor-top-column elementor-element elementor-element-c7cf1c9\" data-id=\"c7cf1c9\" data-element_type=\"column\" data-e-type=\"column\">\n\t\t\t<div class=\"elementor-widget-wrap\">\n\t\t\t\t\t\t\t<\/div>\n\t\t<\/div>\n\t\t\t\t\t<\/div>\n\t\t<\/section>\n\t\t\t\t<section class=\"elementor-section elementor-top-section elementor-element elementor-element-75688db elementor-section-boxed elementor-section-height-default elementor-section-height-default\" data-id=\"75688db\" data-element_type=\"section\" data-e-type=\"section\">\n\t\t\t\t\t\t<div class=\"elementor-container elementor-column-gap-default\">\n\t\t\t\t\t<div class=\"elementor-column elementor-col-33 elementor-top-column elementor-element elementor-element-0618973\" data-id=\"0618973\" data-element_type=\"column\" data-e-type=\"column\">\n\t\t\t<div class=\"elementor-widget-wrap\">\n\t\t\t\t\t\t\t<\/div>\n\t\t<\/div>\n\t\t\t\t<div class=\"elementor-column elementor-col-33 elementor-top-column elementor-element elementor-element-9c9423a\" data-id=\"9c9423a\" data-element_type=\"column\" data-e-type=\"column\">\n\t\t\t<div class=\"elementor-widget-wrap elementor-element-populated\">\n\t\t\t\t\t\t<div class=\"elementor-element elementor-element-7877d06 elementor-widget elementor-widget-image\" data-id=\"7877d06\" data-element_type=\"widget\" data-e-type=\"widget\" data-widget_type=\"image.default\">\n\t\t\t\t<div class=\"elementor-widget-container\">\n\t\t\t\t\t\t\t\t\t\t\t\t\t\t\t<img decoding=\"async\" width=\"1024\" height=\"512\" src=\"https:\/\/ruderverein-steyr.at\/wp-content\/uploads\/2024\/03\/image00007-scaled-e1711394690204-1024x512.jpeg\" class=\"attachment-large size-large wp-image-2611\" alt=\"\" srcset=\"https:\/\/ruderverein-steyr.at\/wp-content\/uploads\/2024\/03\/image00007-scaled-e1711394690204-1024x512.jpeg 1024w, https:\/\/ruderverein-steyr.at\/wp-content\/uploads\/2024\/03\/image00007-scaled-e1711394690204-300x150.jpeg 300w, https:\/\/ruderverein-steyr.at\/wp-content\/uploads\/2024\/03\/image00007-scaled-e1711394690204-768x384.jpeg 768w, https:\/\/ruderverein-steyr.at\/wp-content\/uploads\/2024\/03\/image00007-scaled-e1711394690204-1536x768.jpeg 1536w, https:\/\/ruderverein-steyr.at\/wp-content\/uploads\/2024\/03\/image00007-scaled-e1711394690204-2048x1024.jpeg 2048w\" sizes=\"(max-width: 1024px) 100vw, 1024px\" \/>\t\t\t\t\t\t\t\t\t\t\t\t\t\t\t<\/div>\n\t\t\t\t<\/div>\n\t\t\t\t\t<\/div>\n\t\t<\/div>\n\t\t\t\t<div class=\"elementor-column elementor-col-33 elementor-top-column elementor-element elementor-element-ec8cc7f\" data-id=\"ec8cc7f\" data-element_type=\"column\" data-e-type=\"column\">\n\t\t\t<div class=\"elementor-widget-wrap\">\n\t\t\t\t\t\t\t<\/div>\n\t\t<\/div>\n\t\t\t\t\t<\/div>\n\t\t<\/section>\n\t\t\t\t<section class=\"elementor-section elementor-top-section elementor-element elementor-element-b3442c9 elementor-section-boxed elementor-section-height-default elementor-section-height-default\" data-id=\"b3442c9\" data-element_type=\"section\" data-e-type=\"section\">\n\t\t\t\t\t\t<div class=\"elementor-container elementor-column-gap-default\">\n\t\t\t\t\t<div class=\"elementor-column elementor-col-33 elementor-top-column elementor-element elementor-element-19dc69a\" data-id=\"19dc69a\" data-element_type=\"column\" data-e-type=\"column\">\n\t\t\t<div class=\"elementor-widget-wrap\">\n\t\t\t\t\t\t\t<\/div>\n\t\t<\/div>\n\t\t\t\t<div class=\"elementor-column elementor-col-33 elementor-top-column elementor-element elementor-element-8b30df3\" data-id=\"8b30df3\" data-element_type=\"column\" data-e-type=\"column\">\n\t\t\t<div class=\"elementor-widget-wrap elementor-element-populated\">\n\t\t\t\t\t\t<div class=\"elementor-element elementor-element-a4db55c elementor-widget elementor-widget-spacer\" data-id=\"a4db55c\" data-element_type=\"widget\" data-e-type=\"widget\" data-widget_type=\"spacer.default\">\n\t\t\t\t<div class=\"elementor-widget-container\">\n\t\t\t\t\t\t\t<div class=\"elementor-spacer\">\n\t\t\t<div class=\"elementor-spacer-inner\"><\/div>\n\t\t<\/div>\n\t\t\t\t\t\t<\/div>\n\t\t\t\t<\/div>\n\t\t\t\t\t<\/div>\n\t\t<\/div>\n\t\t\t\t<div class=\"elementor-column elementor-col-33 elementor-top-column elementor-element elementor-element-c627ce4\" data-id=\"c627ce4\" data-element_type=\"column\" data-e-type=\"column\">\n\t\t\t<div class=\"elementor-widget-wrap\">\n\t\t\t\t\t\t\t<\/div>\n\t\t<\/div>\n\t\t\t\t\t<\/div>\n\t\t<\/section>\n\t\t\t\t<\/div>\n\t\t","protected":false},"excerpt":{"rendered":"<p>Bereit f\u00fcr die Rudersaison 24. M\u00e4rz 2024 Die Tage werden wieder l\u00e4nger und die Temperaturen steigen &#8211; der Fr\u00fchling ist da und somit auch der Start f\u00fcr die neue Rudersaison! Aus diesem Grund haben wir am 23. M\u00e4rz das Bootshaus in Garsten aus dem Winterschlaf geholt. Ein Dutzend motivierter Mitglieder versammelte sich im Garstner Bootshaus, [&hellip;]<\/p>\n","protected":false},"author":2,"featured_media":1314,"comment_status":"closed","ping_status":"closed","sticky":false,"template":"","format":"standard","meta":{"ocean_post_layout":"full-screen","ocean_both_sidebars_style":"","ocean_both_sidebars_content_width":0,"ocean_both_sidebars_sidebars_width":0,"ocean_sidebar":"0","ocean_second_sidebar":"0","ocean_disable_margins":"enable","ocean_add_body_class":"","ocean_shortcode_before_top_bar":"","ocean_shortcode_after_top_bar":"","ocean_shortcode_before_header":"","ocean_shortcode_after_header":"","ocean_has_shortcode":"","ocean_shortcode_after_title":"","ocean_shortcode_before_footer_widgets":"","ocean_shortcode_after_footer_widgets":"","ocean_shortcode_before_footer_bottom":"","ocean_shortcode_after_footer_bottom":"","ocean_display_top_bar":"off","ocean_display_header":"on","ocean_header_style":"","ocean_center_header_left_menu":"0","ocean_custom_header_template":"0","ocean_custom_logo":0,"ocean_custom_retina_logo":0,"ocean_custom_logo_max_width":0,"ocean_custom_logo_tablet_max_width":0,"ocean_custom_logo_mobile_max_width":0,"ocean_custom_logo_max_height":0,"ocean_custom_logo_tablet_max_height":0,"ocean_custom_logo_mobile_max_height":0,"ocean_header_custom_menu":"0","ocean_menu_typo_font_family":"0","ocean_menu_typo_font_subset":"","ocean_menu_typo_font_size":0,"ocean_menu_typo_font_size_tablet":0,"ocean_menu_typo_font_size_mobile":0,"ocean_menu_typo_font_size_unit":"px","ocean_menu_typo_font_weight":"","ocean_menu_typo_font_weight_tablet":"","ocean_menu_typo_font_weight_mobile":"","ocean_menu_typo_transform":"","ocean_menu_typo_transform_tablet":"","ocean_menu_typo_transform_mobile":"","ocean_menu_typo_line_height":0,"ocean_menu_typo_line_height_tablet":0,"ocean_menu_typo_line_height_mobile":0,"ocean_menu_typo_line_height_unit":"","ocean_menu_typo_spacing":0,"ocean_menu_typo_spacing_tablet":0,"ocean_menu_typo_spacing_mobile":0,"ocean_menu_typo_spacing_unit":"","ocean_menu_link_color":"","ocean_menu_link_color_hover":"","ocean_menu_link_color_active":"","ocean_menu_link_background":"","ocean_menu_link_hover_background":"","ocean_menu_link_active_background":"","ocean_menu_social_links_bg":"","ocean_menu_social_hover_links_bg":"","ocean_menu_social_links_color":"","ocean_menu_social_hover_links_color":"","ocean_disable_title":"on","ocean_disable_heading":"default","ocean_post_title":"","ocean_post_subheading":"","ocean_post_title_style":"","ocean_post_title_background_color":"","ocean_post_title_background":0,"ocean_post_title_bg_image_position":"","ocean_post_title_bg_image_attachment":"","ocean_post_title_bg_image_repeat":"","ocean_post_title_bg_image_size":"","ocean_post_title_height":0,"ocean_post_title_bg_overlay":0.5,"ocean_post_title_bg_overlay_color":"","ocean_disable_breadcrumbs":"off","ocean_breadcrumbs_color":"","ocean_breadcrumbs_separator_color":"","ocean_breadcrumbs_links_color":"","ocean_breadcrumbs_links_hover_color":"","ocean_display_footer_widgets":"on","ocean_display_footer_bottom":"on","ocean_custom_footer_template":"0","ocean_post_oembed":"","ocean_post_self_hosted_media":"","ocean_post_video_embed":"","ocean_link_format":"","ocean_link_format_target":"self","ocean_quote_format":"","ocean_quote_format_link":"post","ocean_gallery_link_images":"off","ocean_gallery_id":[],"footnotes":""},"categories":[21],"tags":[],"class_list":["post-2605","post","type-post","status-publish","format-standard","has-post-thumbnail","hentry","category-21","entry","has-media"],"_links":{"self":[{"href":"https:\/\/ruderverein-steyr.at\/index.php\/wp-json\/wp\/v2\/posts\/2605","targetHints":{"allow":["GET"]}}],"collection":[{"href":"https:\/\/ruderverein-steyr.at\/index.php\/wp-json\/wp\/v2\/posts"}],"about":[{"href":"https:\/\/ruderverein-steyr.at\/index.php\/wp-json\/wp\/v2\/types\/post"}],"author":[{"embeddable":true,"href":"https:\/\/ruderverein-steyr.at\/index.php\/wp-json\/wp\/v2\/users\/2"}],"replies":[{"embeddable":true,"href":"https:\/\/ruderverein-steyr.at\/index.php\/wp-json\/wp\/v2\/comments?post=2605"}],"version-history":[{"count":4,"href":"https:\/\/ruderverein-steyr.at\/index.php\/wp-json\/wp\/v2\/posts\/2605\/revisions"}],"predecessor-version":[{"id":2616,"href":"https:\/\/ruderverein-steyr.at\/index.php\/wp-json\/wp\/v2\/posts\/2605\/revisions\/2616"}],"wp:featuredmedia":[{"embeddable":true,"href":"https:\/\/ruderverein-steyr.at\/index.php\/wp-json\/wp\/v2\/media\/1314"}],"wp:attachment":[{"href":"https:\/\/ruderverein-steyr.at\/index.php\/wp-json\/wp\/v2\/media?parent=2605"}],"wp:term":[{"taxonomy":"category","embeddable":true,"href":"https:\/\/ruderverein-steyr.at\/index.php\/wp-json\/wp\/v2\/categories?post=2605"},{"taxonomy":"post_tag","embeddable":true,"href":"https:\/\/ruderverein-steyr.at\/index.php\/wp-json\/wp\/v2\/tags?post=2605"}],"curies":[{"name":"wp","href":"https:\/\/api.w.org\/{rel}","templated":true}]}}