{"id":2453,"date":"2023-11-15T11:05:04","date_gmt":"2023-11-15T11:05:04","guid":{"rendered":"https:\/\/ruderverein-steyr.at\/?p=2453"},"modified":"2023-11-15T11:05:04","modified_gmt":"2023-11-15T11:05:04","slug":"vorbereitung-garstner-advent","status":"publish","type":"post","link":"https:\/\/ruderverein-steyr.at\/index.php\/2023\/11\/15\/vorbereitung-garstner-advent\/","title":{"rendered":"Vorbereitung Garstner Advent"},"content":{"rendered":"\t\t<div data-elementor-type=\"wp-post\" data-elementor-id=\"2453\" class=\"elementor elementor-2453\">\n\t\t\t\t\t\t<section class=\"elementor-section elementor-top-section elementor-element elementor-element-4abce76 elementor-section-boxed elementor-section-height-default elementor-section-height-default\" data-id=\"4abce76\" data-element_type=\"section\" data-e-type=\"section\">\n\t\t\t\t\t\t<div class=\"elementor-container elementor-column-gap-default\">\n\t\t\t\t\t<div class=\"elementor-column elementor-col-100 elementor-top-column elementor-element elementor-element-d101227\" data-id=\"d101227\" data-element_type=\"column\" data-e-type=\"column\">\n\t\t\t<div class=\"elementor-widget-wrap elementor-element-populated\">\n\t\t\t\t\t\t<div class=\"elementor-element elementor-element-418b4fb elementor-widget elementor-widget-spacer\" data-id=\"418b4fb\" data-element_type=\"widget\" data-e-type=\"widget\" data-widget_type=\"spacer.default\">\n\t\t\t\t<div class=\"elementor-widget-container\">\n\t\t\t\t\t\t\t<div class=\"elementor-spacer\">\n\t\t\t<div class=\"elementor-spacer-inner\"><\/div>\n\t\t<\/div>\n\t\t\t\t\t\t<\/div>\n\t\t\t\t<\/div>\n\t\t\t\t\t<\/div>\n\t\t<\/div>\n\t\t\t\t\t<\/div>\n\t\t<\/section>\n\t\t\t\t<section class=\"elementor-section elementor-top-section elementor-element elementor-element-41b19bd elementor-section-boxed elementor-section-height-default elementor-section-height-default\" data-id=\"41b19bd\" data-element_type=\"section\" data-e-type=\"section\">\n\t\t\t\t\t\t<div class=\"elementor-container elementor-column-gap-default\">\n\t\t\t\t\t<div class=\"elementor-column elementor-col-25 elementor-top-column elementor-element elementor-element-b43256d\" data-id=\"b43256d\" data-element_type=\"column\" data-e-type=\"column\">\n\t\t\t<div class=\"elementor-widget-wrap\">\n\t\t\t\t\t\t\t<\/div>\n\t\t<\/div>\n\t\t\t\t<div class=\"elementor-column elementor-col-50 elementor-top-column elementor-element elementor-element-1c5d6ba\" data-id=\"1c5d6ba\" data-element_type=\"column\" data-e-type=\"column\">\n\t\t\t<div class=\"elementor-widget-wrap elementor-element-populated\">\n\t\t\t\t\t\t<div class=\"elementor-element elementor-element-281ac7b elementor-widget elementor-widget-text-editor\" data-id=\"281ac7b\" data-element_type=\"widget\" data-e-type=\"widget\" data-widget_type=\"text-editor.default\">\n\t\t\t\t<div class=\"elementor-widget-container\">\n\t\t\t\t\t\t\t\t\t<h1 style=\"text-align: left;\">Vorbereitungen Garstner Advent<\/h1><p><span style=\"color: #bbbbbd;\">15. November 2023<\/span><\/p>\t\t\t\t\t\t\t\t<\/div>\n\t\t\t\t<\/div>\n\t\t\t\t\t<\/div>\n\t\t<\/div>\n\t\t\t\t<div class=\"elementor-column elementor-col-25 elementor-top-column elementor-element elementor-element-b2c1883\" data-id=\"b2c1883\" data-element_type=\"column\" data-e-type=\"column\">\n\t\t\t<div class=\"elementor-widget-wrap\">\n\t\t\t\t\t\t\t<\/div>\n\t\t<\/div>\n\t\t\t\t\t<\/div>\n\t\t<\/section>\n\t\t\t\t<section class=\"elementor-section elementor-top-section elementor-element elementor-element-b78120d elementor-section-boxed elementor-section-height-default elementor-section-height-default\" data-id=\"b78120d\" data-element_type=\"section\" data-e-type=\"section\">\n\t\t\t\t\t\t<div class=\"elementor-container elementor-column-gap-default\">\n\t\t\t\t\t<div class=\"elementor-column elementor-col-33 elementor-top-column elementor-element elementor-element-df4c3ad\" data-id=\"df4c3ad\" data-element_type=\"column\" data-e-type=\"column\">\n\t\t\t<div class=\"elementor-widget-wrap\">\n\t\t\t\t\t\t\t<\/div>\n\t\t<\/div>\n\t\t\t\t<div class=\"elementor-column elementor-col-33 elementor-top-column elementor-element elementor-element-3da75ea\" data-id=\"3da75ea\" data-element_type=\"column\" data-e-type=\"column\">\n\t\t\t<div class=\"elementor-widget-wrap elementor-element-populated\">\n\t\t\t\t\t\t<div class=\"elementor-element elementor-element-eef30c1 elementor-widget elementor-widget-text-editor\" data-id=\"eef30c1\" data-element_type=\"widget\" data-e-type=\"widget\" data-widget_type=\"text-editor.default\">\n\t\t\t\t<div class=\"elementor-widget-container\">\n\t\t\t\t\t\t\t\t\t<p style=\"margin-bottom: 8.25pt; text-align: justify;\"><i><span style=\"font-family: 'Arial',sans-serif;\">Der Countdown l\u00e4uft! Am 1. und 2. Adventwochenende geht der traditionelle Garstner Adventmarkt \u00fcber die B\u00fchne. Nach unserer erfolgreichen Teilnahme letztes Jahr, werden wir auch heuer wieder mit unseren K\u00f6stlichkeiten im Innenhof der Stiftskirche Garsten vertreten sein \u2013 die Vorbereitungen daf\u00fcr laufen bereits auf Hochtouren<\/span><\/i><span style=\"font-family: 'Arial',sans-serif;\">.<\/span><\/p><p>\u00a0<\/p><h3 style=\"margin-bottom: 8.25pt; text-align: justify;\"><span style=\"font-family: 'Arial',sans-serif;\">Apfelkrapfen, Gl\u00fchmost &amp; Punsch<\/span><\/h3><p style=\"margin-bottom: 8.25pt; text-align: justify;\"><span style=\"font-family: 'Arial',sans-serif;\"><img decoding=\"async\" class=\"size-medium wp-image-2457 alignright\" src=\"https:\/\/ruderverein-steyr.at\/wp-content\/uploads\/2023\/11\/WhatsApp-Bild-2023-11-14-um-10.50.10_0d0811d6-e1700045411940-300x165.jpg\" alt=\"\" width=\"300\" height=\"165\" srcset=\"https:\/\/ruderverein-steyr.at\/wp-content\/uploads\/2023\/11\/WhatsApp-Bild-2023-11-14-um-10.50.10_0d0811d6-e1700045411940-300x165.jpg 300w, https:\/\/ruderverein-steyr.at\/wp-content\/uploads\/2023\/11\/WhatsApp-Bild-2023-11-14-um-10.50.10_0d0811d6-e1700045411940-1024x563.jpg 1024w, https:\/\/ruderverein-steyr.at\/wp-content\/uploads\/2023\/11\/WhatsApp-Bild-2023-11-14-um-10.50.10_0d0811d6-e1700045411940-768x422.jpg 768w, https:\/\/ruderverein-steyr.at\/wp-content\/uploads\/2023\/11\/WhatsApp-Bild-2023-11-14-um-10.50.10_0d0811d6-e1700045411940-1536x844.jpg 1536w, https:\/\/ruderverein-steyr.at\/wp-content\/uploads\/2023\/11\/WhatsApp-Bild-2023-11-14-um-10.50.10_0d0811d6-e1700045411940.jpg 1600w\" sizes=\"(max-width: 300px) 100vw, 300px\" \/>Wir verw\u00f6hnen die Besucher:innen mit selbstgemachten Apfelkrapfen, Apfelpunsch und <\/span><span style=\"font-family: 'Arial',sans-serif;\">hei\u00dfer Gl\u00fchbirne. Die \u00c4pfel durften wir, wie schon im Vorjahr, bei Familie Strau\u00df aus Kronstorf klauben. Daraus konnten 190l Apfelsaft gepresst werden, welchen wir f\u00fcr unseren unges\u00fc\u00dften Apfelpunsch ve<\/span><span style=\"font-family: 'Arial',sans-serif;\">rwenden. Die Birnen haben wir vom Biohof Heuberg gekauft. Die 21kg Birnen wurden bereits gesch<\/span><span style=\"font-family: 'Arial',sans-serif;\">\u00e4lt und geschnitten \u2013 sie dienen als Einlage f\u00fcr unsere hei\u00dfe Gl\u00fchbirne (Gl\u00fchmost mit eingelegtem Birnenst\u00fcck). Besonders beliebt waren letztes Jahr auch unsere Apfelkrapfen, von denen wir bereits 700 Rohlinge<img fetchpriority=\"high\" decoding=\"async\" class=\"alignright wp-image-2460 size-medium\" style=\"font-family: Arial, sans-serif; text-align: justify;\" src=\"https:\/\/ruderverein-steyr.at\/wp-content\/uploads\/2023\/11\/WhatsApp-Bild-2023-11-14-um-10.50.16_456fd7af-e1700045618675-300x190.jpg\" alt=\"\" width=\"300\" height=\"190\" srcset=\"https:\/\/ruderverein-steyr.at\/wp-content\/uploads\/2023\/11\/WhatsApp-Bild-2023-11-14-um-10.50.16_456fd7af-e1700045618675-300x190.jpg 300w, https:\/\/ruderverein-steyr.at\/wp-content\/uploads\/2023\/11\/WhatsApp-Bild-2023-11-14-um-10.50.16_456fd7af-e1700045618675-1024x647.jpg 1024w, https:\/\/ruderverein-steyr.at\/wp-content\/uploads\/2023\/11\/WhatsApp-Bild-2023-11-14-um-10.50.16_456fd7af-e1700045618675-768x486.jpg 768w, https:\/\/ruderverein-steyr.at\/wp-content\/uploads\/2023\/11\/WhatsApp-Bild-2023-11-14-um-10.50.16_456fd7af-e1700045618675.jpg 1471w\" sizes=\"(max-width: 300px) 100vw, 300px\" \/> produziert haben. Diese werden dann in der Fritteuse goldbraun herausgebacken und mit einer Zimt-Zucker-Mischung oder mit Staubzucker bestreut. \u201eEin gro\u00dfes Dankesch\u00f6n an Maria Huber, die uns ihre K\u00fcche zur Verf\u00fcgung gestellt hat. Unter ihrer Anleitung konnten unsere flei\u00dfigen Helfer:innen die K\u00f6stlichkeiten vorbereiten und nat\u00fcrlich auch schon verkosten \u2013 wir sind sehr zufrieden mit Ergebnis\u201c, berichtet Obfrau Lisa Hirtenlehner.\u00a0<\/span><\/p><p>\u00a0<\/p><h3 style=\"margin-bottom: 8.25pt; text-align: justify;\"><span style=\"font-family: 'Arial',sans-serif;\">Termine und \u00d6ffnungszeiten<\/span><\/h3><p style=\"margin-bottom: 8.25pt; text-align: justify;\"><span style=\"font-family: 'Arial',sans-serif;\">Der traditionelle Adventmarkt in Garsten findet am <b>2., 3., 8., 9. und 10. Dezember<\/b> statt. Die Besucher:innen k\u00f6nnen zwischen <b>10:00 und 19:00 Uhr<\/b> durch die St\u00e4nde schlendern und das Rahmenprogramm genie\u00dfen. Unser Stand befindet sich im Innenhof der Stiftskirche Garsten, schr\u00e4g gegen\u00fcber vom Eingang der Kirche. \u201eWir freuen uns \u00fcber jeden einzelnen Gast. Vielleicht wecken wir bei dem ein oder anderem auch das Interesse, eine Ruderstunde auszuprobieren\u201c, so Hirtenlehner. <\/span><\/p>\t\t\t\t\t\t\t\t<\/div>\n\t\t\t\t<\/div>\n\t\t\t\t\t<\/div>\n\t\t<\/div>\n\t\t\t\t<div class=\"elementor-column elementor-col-33 elementor-top-column elementor-element elementor-element-1970fb9\" data-id=\"1970fb9\" data-element_type=\"column\" data-e-type=\"column\">\n\t\t\t<div class=\"elementor-widget-wrap\">\n\t\t\t\t\t\t\t<\/div>\n\t\t<\/div>\n\t\t\t\t\t<\/div>\n\t\t<\/section>\n\t\t\t\t<section class=\"elementor-section elementor-top-section elementor-element elementor-element-b6fc9e2 elementor-section-boxed elementor-section-height-default elementor-section-height-default\" data-id=\"b6fc9e2\" data-element_type=\"section\" data-e-type=\"section\">\n\t\t\t\t\t\t<div class=\"elementor-container elementor-column-gap-default\">\n\t\t\t\t\t<div class=\"elementor-column elementor-col-33 elementor-top-column elementor-element elementor-element-73d18e0\" data-id=\"73d18e0\" data-element_type=\"column\" data-e-type=\"column\">\n\t\t\t<div class=\"elementor-widget-wrap\">\n\t\t\t\t\t\t\t<\/div>\n\t\t<\/div>\n\t\t\t\t<div class=\"elementor-column elementor-col-33 elementor-top-column elementor-element elementor-element-6a2c4c4\" data-id=\"6a2c4c4\" data-element_type=\"column\" data-e-type=\"column\">\n\t\t\t<div class=\"elementor-widget-wrap elementor-element-populated\">\n\t\t\t\t\t\t<div class=\"elementor-element elementor-element-11345fa elementor-arrows-position-inside elementor-pagination-position-outside elementor-widget elementor-widget-image-carousel\" data-id=\"11345fa\" data-element_type=\"widget\" data-e-type=\"widget\" data-settings=\"{&quot;slides_to_scroll&quot;:&quot;1&quot;,&quot;autoplay_speed&quot;:1000,&quot;navigation&quot;:&quot;both&quot;,&quot;autoplay&quot;:&quot;yes&quot;,&quot;pause_on_hover&quot;:&quot;yes&quot;,&quot;pause_on_interaction&quot;:&quot;yes&quot;,&quot;infinite&quot;:&quot;yes&quot;,&quot;speed&quot;:500}\" data-widget_type=\"image-carousel.default\">\n\t\t\t\t<div class=\"elementor-widget-container\">\n\t\t\t\t\t\t\t<div class=\"elementor-image-carousel-wrapper swiper\" role=\"region\" aria-roledescription=\"carousel\" aria-label=\"Image Carousel\" dir=\"ltr\">\n\t\t\t<div class=\"elementor-image-carousel swiper-wrapper\" aria-live=\"off\">\n\t\t\t\t\t\t\t\t<div class=\"swiper-slide\" role=\"group\" aria-roledescription=\"slide\" aria-label=\"1 of 4\"><figure class=\"swiper-slide-inner\"><img decoding=\"async\" class=\"swiper-slide-image\" src=\"https:\/\/ruderverein-steyr.at\/wp-content\/uploads\/elementor\/thumbs\/Krapfenteig-scaled-e1700045843404-qfe769hrogf5za3xx7wkfkpwaihj7qkzu5a7flyws0.jpg\" alt=\"Krapfenteig\" \/><\/figure><\/div><div class=\"swiper-slide\" role=\"group\" aria-roledescription=\"slide\" aria-label=\"2 of 4\"><figure class=\"swiper-slide-inner\"><img decoding=\"async\" class=\"swiper-slide-image\" src=\"https:\/\/ruderverein-steyr.at\/wp-content\/uploads\/elementor\/thumbs\/WhatsApp-Bild-2023-11-14-um-10.50.15_53e2a9d7-e1700045714281-qfe72w8l6tt6dl02l9hozxbfnt36ms7mdh4kiwyp2o.jpg\" alt=\"WhatsApp Bild 2023-11-14 um 10.50.15_53e2a9d7\" \/><\/figure><\/div><div class=\"swiper-slide\" role=\"group\" aria-roledescription=\"slide\" aria-label=\"3 of 4\"><figure class=\"swiper-slide-inner\"><img decoding=\"async\" class=\"swiper-slide-image\" src=\"https:\/\/ruderverein-steyr.at\/wp-content\/uploads\/elementor\/thumbs\/Birnenschaelen-scaled-e1700045897174-qfe77o91xicne827otuf67wsdbjcre6i14ifcjvng0.jpg\" alt=\"Birnensch\u00e4len\" \/><\/figure><\/div><div class=\"swiper-slide\" role=\"group\" aria-roledescription=\"slide\" aria-label=\"4 of 4\"><figure class=\"swiper-slide-inner\"><img decoding=\"async\" class=\"swiper-slide-image\" src=\"https:\/\/ruderverein-steyr.at\/wp-content\/uploads\/elementor\/thumbs\/WhatsApp-Bild-2023-11-14-um-10.50.10_36fde2f7-e1700045779574-qfe74lc3j24tc8jbohwfzzwe9uq1j3y69vj4pwg3u8.jpg\" alt=\"WhatsApp Bild 2023-11-14 um 10.50.10_36fde2f7\" \/><\/figure><\/div>\t\t\t<\/div>\n\t\t\t\t\t\t\t\t\t\t\t\t<div class=\"elementor-swiper-button elementor-swiper-button-prev\" role=\"button\" tabindex=\"0\">\n\t\t\t\t\t\t<i aria-hidden=\"true\" class=\"eicon-chevron-left\"><\/i>\t\t\t\t\t<\/div>\n\t\t\t\t\t<div class=\"elementor-swiper-button elementor-swiper-button-next\" role=\"button\" tabindex=\"0\">\n\t\t\t\t\t\t<i aria-hidden=\"true\" class=\"eicon-chevron-right\"><\/i>\t\t\t\t\t<\/div>\n\t\t\t\t\n\t\t\t\t\t\t\t\t\t<div class=\"swiper-pagination\"><\/div>\n\t\t\t\t\t\t\t\t\t<\/div>\n\t\t\t\t\t\t<\/div>\n\t\t\t\t<\/div>\n\t\t\t\t\t<\/div>\n\t\t<\/div>\n\t\t\t\t<div class=\"elementor-column elementor-col-33 elementor-top-column elementor-element elementor-element-a0ccd51\" data-id=\"a0ccd51\" data-element_type=\"column\" data-e-type=\"column\">\n\t\t\t<div class=\"elementor-widget-wrap\">\n\t\t\t\t\t\t\t<\/div>\n\t\t<\/div>\n\t\t\t\t\t<\/div>\n\t\t<\/section>\n\t\t\t\t<section class=\"elementor-section elementor-top-section elementor-element elementor-element-635ca0a elementor-section-boxed elementor-section-height-default elementor-section-height-default\" data-id=\"635ca0a\" data-element_type=\"section\" data-e-type=\"section\">\n\t\t\t\t\t\t<div class=\"elementor-container elementor-column-gap-default\">\n\t\t\t\t\t<div class=\"elementor-column elementor-col-100 elementor-top-column elementor-element elementor-element-5b74eba\" data-id=\"5b74eba\" data-element_type=\"column\" data-e-type=\"column\">\n\t\t\t<div class=\"elementor-widget-wrap elementor-element-populated\">\n\t\t\t\t\t\t<div class=\"elementor-element elementor-element-3002157 elementor-widget elementor-widget-spacer\" data-id=\"3002157\" data-element_type=\"widget\" data-e-type=\"widget\" data-widget_type=\"spacer.default\">\n\t\t\t\t<div class=\"elementor-widget-container\">\n\t\t\t\t\t\t\t<div class=\"elementor-spacer\">\n\t\t\t<div class=\"elementor-spacer-inner\"><\/div>\n\t\t<\/div>\n\t\t\t\t\t\t<\/div>\n\t\t\t\t<\/div>\n\t\t\t\t\t<\/div>\n\t\t<\/div>\n\t\t\t\t\t<\/div>\n\t\t<\/section>\n\t\t\t\t<\/div>\n\t\t","protected":false},"excerpt":{"rendered":"<p>Vorbereitungen Garstner Advent 15. November 2023 Der Countdown l\u00e4uft! Am 1. und 2. Adventwochenende geht der traditionelle Garstner Adventmarkt \u00fcber die B\u00fchne. Nach unserer erfolgreichen Teilnahme letztes Jahr, werden wir auch heuer wieder mit unseren K\u00f6stlichkeiten im Innenhof der Stiftskirche Garsten vertreten sein \u2013 die Vorbereitungen daf\u00fcr laufen bereits auf Hochtouren. \u00a0 Apfelkrapfen, Gl\u00fchmost &amp; [&hellip;]<\/p>\n","protected":false},"author":2,"featured_media":0,"comment_status":"closed","ping_status":"closed","sticky":false,"template":"","format":"standard","meta":{"ocean_post_layout":"full-screen","ocean_both_sidebars_style":"","ocean_both_sidebars_content_width":0,"ocean_both_sidebars_sidebars_width":0,"ocean_sidebar":"0","ocean_second_sidebar":"0","ocean_disable_margins":"enable","ocean_add_body_class":"","ocean_shortcode_before_top_bar":"","ocean_shortcode_after_top_bar":"","ocean_shortcode_before_header":"","ocean_shortcode_after_header":"","ocean_has_shortcode":"","ocean_shortcode_after_title":"","ocean_shortcode_before_footer_widgets":"","ocean_shortcode_after_footer_widgets":"","ocean_shortcode_before_footer_bottom":"","ocean_shortcode_after_footer_bottom":"","ocean_display_top_bar":"off","ocean_display_header":"on","ocean_header_style":"","ocean_center_header_left_menu":"0","ocean_custom_header_template":"0","ocean_custom_logo":0,"ocean_custom_retina_logo":0,"ocean_custom_logo_max_width":0,"ocean_custom_logo_tablet_max_width":0,"ocean_custom_logo_mobile_max_width":0,"ocean_custom_logo_max_height":0,"ocean_custom_logo_tablet_max_height":0,"ocean_custom_logo_mobile_max_height":0,"ocean_header_custom_menu":"0","ocean_menu_typo_font_family":"0","ocean_menu_typo_font_subset":"","ocean_menu_typo_font_size":0,"ocean_menu_typo_font_size_tablet":0,"ocean_menu_typo_font_size_mobile":0,"ocean_menu_typo_font_size_unit":"px","ocean_menu_typo_font_weight":"","ocean_menu_typo_font_weight_tablet":"","ocean_menu_typo_font_weight_mobile":"","ocean_menu_typo_transform":"","ocean_menu_typo_transform_tablet":"","ocean_menu_typo_transform_mobile":"","ocean_menu_typo_line_height":0,"ocean_menu_typo_line_height_tablet":0,"ocean_menu_typo_line_height_mobile":0,"ocean_menu_typo_line_height_unit":"","ocean_menu_typo_spacing":0,"ocean_menu_typo_spacing_tablet":0,"ocean_menu_typo_spacing_mobile":0,"ocean_menu_typo_spacing_unit":"","ocean_menu_link_color":"","ocean_menu_link_color_hover":"","ocean_menu_link_color_active":"","ocean_menu_link_background":"","ocean_menu_link_hover_background":"","ocean_menu_link_active_background":"","ocean_menu_social_links_bg":"","ocean_menu_social_hover_links_bg":"","ocean_menu_social_links_color":"","ocean_menu_social_hover_links_color":"","ocean_disable_title":"on","ocean_disable_heading":"default","ocean_post_title":"","ocean_post_subheading":"","ocean_post_title_style":"","ocean_post_title_background_color":"","ocean_post_title_background":0,"ocean_post_title_bg_image_position":"","ocean_post_title_bg_image_attachment":"","ocean_post_title_bg_image_repeat":"","ocean_post_title_bg_image_size":"","ocean_post_title_height":0,"ocean_post_title_bg_overlay":0.5,"ocean_post_title_bg_overlay_color":"","ocean_disable_breadcrumbs":"off","ocean_breadcrumbs_color":"","ocean_breadcrumbs_separator_color":"","ocean_breadcrumbs_links_color":"","ocean_breadcrumbs_links_hover_color":"","ocean_display_footer_widgets":"on","ocean_display_footer_bottom":"on","ocean_custom_footer_template":"0","ocean_post_oembed":"","ocean_post_self_hosted_media":"","ocean_post_video_embed":"","ocean_link_format":"","ocean_link_format_target":"self","ocean_quote_format":"","ocean_quote_format_link":"post","ocean_gallery_link_images":"off","ocean_gallery_id":[],"footnotes":""},"categories":[20],"tags":[],"class_list":["post-2453","post","type-post","status-publish","format-standard","hentry","category-20","entry"],"_links":{"self":[{"href":"https:\/\/ruderverein-steyr.at\/index.php\/wp-json\/wp\/v2\/posts\/2453","targetHints":{"allow":["GET"]}}],"collection":[{"href":"https:\/\/ruderverein-steyr.at\/index.php\/wp-json\/wp\/v2\/posts"}],"about":[{"href":"https:\/\/ruderverein-steyr.at\/index.php\/wp-json\/wp\/v2\/types\/post"}],"author":[{"embeddable":true,"href":"https:\/\/ruderverein-steyr.at\/index.php\/wp-json\/wp\/v2\/users\/2"}],"replies":[{"embeddable":true,"href":"https:\/\/ruderverein-steyr.at\/index.php\/wp-json\/wp\/v2\/comments?post=2453"}],"version-history":[{"count":7,"href":"https:\/\/ruderverein-steyr.at\/index.php\/wp-json\/wp\/v2\/posts\/2453\/revisions"}],"predecessor-version":[{"id":2469,"href":"https:\/\/ruderverein-steyr.at\/index.php\/wp-json\/wp\/v2\/posts\/2453\/revisions\/2469"}],"wp:attachment":[{"href":"https:\/\/ruderverein-steyr.at\/index.php\/wp-json\/wp\/v2\/media?parent=2453"}],"wp:term":[{"taxonomy":"category","embeddable":true,"href":"https:\/\/ruderverein-steyr.at\/index.php\/wp-json\/wp\/v2\/categories?post=2453"},{"taxonomy":"post_tag","embeddable":true,"href":"https:\/\/ruderverein-steyr.at\/index.php\/wp-json\/wp\/v2\/tags?post=2453"}],"curies":[{"name":"wp","href":"https:\/\/api.w.org\/{rel}","templated":true}]}}