{"id":1855,"date":"2022-10-08T18:31:04","date_gmt":"2022-10-08T18:31:04","guid":{"rendered":"https:\/\/ruderverein-steyr.at\/?p=1855"},"modified":"2024-11-12T12:18:32","modified_gmt":"2024-11-12T10:18:32","slug":"ehrenamtspreis-franz-holt-bezirkssieg","status":"publish","type":"post","link":"https:\/\/ruderverein-steyr.at\/index.php\/2022\/10\/08\/ehrenamtspreis-franz-holt-bezirkssieg\/","title":{"rendered":"Ehrenamtspreis: Franz holt Bezirkssieg!"},"content":{"rendered":"\t\t<div data-elementor-type=\"wp-post\" data-elementor-id=\"1855\" class=\"elementor elementor-1855\">\n\t\t\t\t\t\t<section class=\"elementor-section elementor-top-section elementor-element elementor-element-4abce76 elementor-section-boxed elementor-section-height-default elementor-section-height-default\" data-id=\"4abce76\" data-element_type=\"section\" data-e-type=\"section\">\n\t\t\t\t\t\t<div class=\"elementor-container elementor-column-gap-default\">\n\t\t\t\t\t<div class=\"elementor-column elementor-col-100 elementor-top-column elementor-element elementor-element-d101227\" data-id=\"d101227\" data-element_type=\"column\" data-e-type=\"column\">\n\t\t\t<div class=\"elementor-widget-wrap elementor-element-populated\">\n\t\t\t\t\t\t<div class=\"elementor-element elementor-element-418b4fb elementor-widget elementor-widget-spacer\" data-id=\"418b4fb\" data-element_type=\"widget\" data-e-type=\"widget\" data-widget_type=\"spacer.default\">\n\t\t\t\t<div class=\"elementor-widget-container\">\n\t\t\t\t\t\t\t<div class=\"elementor-spacer\">\n\t\t\t<div class=\"elementor-spacer-inner\"><\/div>\n\t\t<\/div>\n\t\t\t\t\t\t<\/div>\n\t\t\t\t<\/div>\n\t\t\t\t\t<\/div>\n\t\t<\/div>\n\t\t\t\t\t<\/div>\n\t\t<\/section>\n\t\t\t\t<section class=\"elementor-section elementor-top-section elementor-element elementor-element-41b19bd elementor-section-boxed elementor-section-height-default elementor-section-height-default\" data-id=\"41b19bd\" data-element_type=\"section\" data-e-type=\"section\">\n\t\t\t\t\t\t<div class=\"elementor-container elementor-column-gap-default\">\n\t\t\t\t\t<div class=\"elementor-column elementor-col-25 elementor-top-column elementor-element elementor-element-b43256d\" data-id=\"b43256d\" data-element_type=\"column\" data-e-type=\"column\">\n\t\t\t<div class=\"elementor-widget-wrap\">\n\t\t\t\t\t\t\t<\/div>\n\t\t<\/div>\n\t\t\t\t<div class=\"elementor-column elementor-col-50 elementor-top-column elementor-element elementor-element-1c5d6ba\" data-id=\"1c5d6ba\" data-element_type=\"column\" data-e-type=\"column\">\n\t\t\t<div class=\"elementor-widget-wrap elementor-element-populated\">\n\t\t\t\t\t\t<div class=\"elementor-element elementor-element-281ac7b elementor-widget elementor-widget-text-editor\" data-id=\"281ac7b\" data-element_type=\"widget\" data-e-type=\"widget\" data-widget_type=\"text-editor.default\">\n\t\t\t\t<div class=\"elementor-widget-container\">\n\t\t\t\t\t\t\t\t\t<h1 style=\"text-align: left;\">Ehrenamtspreis: Franz holt Bezirkssieg!<\/h1><p><span style=\"color: #bbbbbd;\">05. Oktober 2022<\/span><\/p>\t\t\t\t\t\t\t\t<\/div>\n\t\t\t\t<\/div>\n\t\t\t\t\t<\/div>\n\t\t<\/div>\n\t\t\t\t<div class=\"elementor-column elementor-col-25 elementor-top-column elementor-element elementor-element-b2c1883\" data-id=\"b2c1883\" data-element_type=\"column\" data-e-type=\"column\">\n\t\t\t<div class=\"elementor-widget-wrap\">\n\t\t\t\t\t\t\t<\/div>\n\t\t<\/div>\n\t\t\t\t\t<\/div>\n\t\t<\/section>\n\t\t\t\t<section class=\"elementor-section elementor-top-section elementor-element elementor-element-0590277 elementor-section-boxed elementor-section-height-default elementor-section-height-default\" data-id=\"0590277\" data-element_type=\"section\" data-e-type=\"section\">\n\t\t\t\t\t\t<div class=\"elementor-container elementor-column-gap-default\">\n\t\t\t\t\t<div class=\"elementor-column elementor-col-100 elementor-top-column elementor-element elementor-element-8b93495\" data-id=\"8b93495\" data-element_type=\"column\" data-e-type=\"column\">\n\t\t\t<div class=\"elementor-widget-wrap elementor-element-populated\">\n\t\t\t\t\t\t<div class=\"elementor-element elementor-element-c6b70a2 elementor-widget elementor-widget-image\" data-id=\"c6b70a2\" data-element_type=\"widget\" data-e-type=\"widget\" data-widget_type=\"image.default\">\n\t\t\t\t<div class=\"elementor-widget-container\">\n\t\t\t\t\t\t\t\t\t\t\t\t<figure class=\"wp-caption\">\n\t\t\t\t\t\t\t\t\t\t<img fetchpriority=\"high\" decoding=\"async\" width=\"964\" height=\"542\" src=\"https:\/\/ruderverein-steyr.at\/wp-content\/uploads\/2022\/10\/2742172_standalone_1zfMNk_FqVP5l1939.webp\" class=\"attachment-large size-large wp-image-1857\" alt=\"\" srcset=\"https:\/\/ruderverein-steyr.at\/wp-content\/uploads\/2022\/10\/2742172_standalone_1zfMNk_FqVP5l1939.webp 964w, https:\/\/ruderverein-steyr.at\/wp-content\/uploads\/2022\/10\/2742172_standalone_1zfMNk_FqVP5l1939-300x169.webp 300w, https:\/\/ruderverein-steyr.at\/wp-content\/uploads\/2022\/10\/2742172_standalone_1zfMNk_FqVP5l1939-768x432.webp 768w, https:\/\/ruderverein-steyr.at\/wp-content\/uploads\/2022\/10\/2742172_standalone_1zfMNk_FqVP5l1939-800x450.webp 800w\" sizes=\"(max-width: 964px) 100vw, 964px\" \/>\t\t\t\t\t\t\t\t\t\t\t<figcaption class=\"widget-image-caption wp-caption-text\">Foto: Antonio Bayer<\/figcaption>\n\t\t\t\t\t\t\t\t\t\t<\/figure>\n\t\t\t\t\t\t\t\t\t<\/div>\n\t\t\t\t<\/div>\n\t\t\t\t\t<\/div>\n\t\t<\/div>\n\t\t\t\t\t<\/div>\n\t\t<\/section>\n\t\t\t\t<section class=\"elementor-section elementor-top-section elementor-element elementor-element-c11e8ed elementor-section-boxed elementor-section-height-default elementor-section-height-default\" data-id=\"c11e8ed\" data-element_type=\"section\" data-e-type=\"section\">\n\t\t\t\t\t\t<div class=\"elementor-container elementor-column-gap-default\">\n\t\t\t\t\t<div class=\"elementor-column elementor-col-33 elementor-top-column elementor-element elementor-element-b157480\" data-id=\"b157480\" data-element_type=\"column\" data-e-type=\"column\">\n\t\t\t<div class=\"elementor-widget-wrap\">\n\t\t\t\t\t\t\t<\/div>\n\t\t<\/div>\n\t\t\t\t<div class=\"elementor-column elementor-col-33 elementor-top-column elementor-element elementor-element-55c6108\" data-id=\"55c6108\" data-element_type=\"column\" data-e-type=\"column\">\n\t\t\t<div class=\"elementor-widget-wrap elementor-element-populated\">\n\t\t\t\t\t\t<div class=\"elementor-element elementor-element-8eb1d37 elementor-widget elementor-widget-text-editor\" data-id=\"8eb1d37\" data-element_type=\"widget\" data-e-type=\"widget\" data-widget_type=\"text-editor.default\">\n\t\t\t\t<div class=\"elementor-widget-container\">\n\t\t\t\t\t\t\t\t\t<h4 style=\"text-align: justify;\"><em><strong>Sensationeller Erfolg f\u00fcr Franz Teufel &#8211; er darf sich bei der O\u00d6 Wahl zum &#8222;Ehrenamtlichen des Jahres&#8220; \u00fcber den Bezirkssieg freuen!<\/strong><\/em><\/h4><p style=\"text-align: justify;\"><strong>&#8222;Danke sch\u00f6n Preis&#8220;<\/strong><br \/>Die Freiwilligen vor den Vorhang holen und f\u00fcr ihr Engagement ehren, das haben sich das Sportland O\u00d6, die O\u00d6 Nachrichten, Tips, Life Radio und TV1 auch heuer wieder vorgenommen. Mehrere Wochen konnte f\u00fcr die Nominierten aus diversen Sportvereinen online abgestimmt werden. Aus dem Bezirk Steyr waren vier Ehrenamtliche nominiert. Neben Franz, auch noch Vertreter:innen eines Fu\u00dfball-, Basketball- und Turnvereins.<\/p><p style=\"text-align: justify;\"><strong>Ungl\u00e4ubiger Gewinner<\/strong><br \/>&#8222;Als ich Franz die frohe Botschaft telefonisch \u00fcbermittelt habe, wollte er mir gar nicht glauben, dass er gewonnen hat&#8220;, berichtet Obfrau Lisa Hirtenlehner lachend. Erst als unser Breitensportwart die Einladung zur Ehrung im E-Mail Postfach gefunden hat, konnte er den Sieg realisieren.<br \/>Die Troph\u00e4e, inklusiver Urkunde und einem 1.000,- Euro Scheck erhielt Franz im Rahmen der Ehrung im Olympiazentrum O\u00d6. \u00dcberreicht wurden die Preise von Landesrat Markus Achleitner.<\/p><p style=\"text-align: justify;\"><strong>Danke an den Verein<\/strong><br \/>M\u00f6glich machten den Sieg, die unz\u00e4hligen Stimmabgaben f\u00fcr Franz. Wochenlang r\u00fchrten die Vereinsmitglieder die Werbetrommel f\u00fcr den 71-J\u00e4hrigen. &#8222;Ich h\u00e4tte mir nie gedacht, dass ich eine Chance habe, da unser Verein nicht so viele Mitglieder hat. Aber es freut mich wirklich zahlreiche Stimmen bekommen zu haben. Danke an alle Unterst\u00fctzer:innen&#8220;, so der gl\u00fcckliche Gewinner. <br \/>Auch Obfrau Hirtenlehner zeigt sich begeistert von der Mithilfe aus den eigenen Reihen: &#8222;Die Gemeinschaft und ihr Zusammenhalt sind wesentliche Grundpfeiler eines jeden Vereins. Es erf\u00fcllt mich mit Stolz, dass sich so viele Mitglieder f\u00fcr Franz ins Zeug gelegt und Stimmen generiert haben. Er hat diese Anerkennung wirklich verdient. Danke an alle!&#8220;<\/p>\t\t\t\t\t\t\t\t<\/div>\n\t\t\t\t<\/div>\n\t\t\t\t\t<\/div>\n\t\t<\/div>\n\t\t\t\t<div class=\"elementor-column elementor-col-33 elementor-top-column elementor-element elementor-element-c88252e\" data-id=\"c88252e\" data-element_type=\"column\" data-e-type=\"column\">\n\t\t\t<div class=\"elementor-widget-wrap\">\n\t\t\t\t\t\t\t<\/div>\n\t\t<\/div>\n\t\t\t\t\t<\/div>\n\t\t<\/section>\n\t\t\t\t<section class=\"elementor-section elementor-top-section elementor-element elementor-element-635ca0a elementor-section-boxed elementor-section-height-default elementor-section-height-default\" data-id=\"635ca0a\" data-element_type=\"section\" data-e-type=\"section\">\n\t\t\t\t\t\t<div class=\"elementor-container elementor-column-gap-default\">\n\t\t\t\t\t<div class=\"elementor-column elementor-col-100 elementor-top-column elementor-element elementor-element-5b74eba\" data-id=\"5b74eba\" data-element_type=\"column\" data-e-type=\"column\">\n\t\t\t<div class=\"elementor-widget-wrap elementor-element-populated\">\n\t\t\t\t\t\t<div class=\"elementor-element elementor-element-3002157 elementor-widget elementor-widget-spacer\" data-id=\"3002157\" data-element_type=\"widget\" data-e-type=\"widget\" data-widget_type=\"spacer.default\">\n\t\t\t\t<div class=\"elementor-widget-container\">\n\t\t\t\t\t\t\t<div class=\"elementor-spacer\">\n\t\t\t<div class=\"elementor-spacer-inner\"><\/div>\n\t\t<\/div>\n\t\t\t\t\t\t<\/div>\n\t\t\t\t<\/div>\n\t\t\t\t\t<\/div>\n\t\t<\/div>\n\t\t\t\t\t<\/div>\n\t\t<\/section>\n\t\t\t\t<\/div>\n\t\t","protected":false},"excerpt":{"rendered":"<p>Ehrenamtspreis: Franz holt Bezirkssieg! 05. Oktober 2022 Foto: Antonio Bayer Sensationeller Erfolg f\u00fcr Franz Teufel &#8211; er darf sich bei der O\u00d6 Wahl zum &#8222;Ehrenamtlichen des Jahres&#8220; \u00fcber den Bezirkssieg freuen! &#8222;Danke sch\u00f6n Preis&#8220;Die Freiwilligen vor den Vorhang holen und f\u00fcr ihr Engagement ehren, das haben sich das Sportland O\u00d6, die O\u00d6 Nachrichten, Tips, Life [&hellip;]<\/p>\n","protected":false},"author":2,"featured_media":0,"comment_status":"closed","ping_status":"closed","sticky":false,"template":"","format":"standard","meta":{"ocean_post_layout":"full-screen","ocean_both_sidebars_style":"","ocean_both_sidebars_content_width":0,"ocean_both_sidebars_sidebars_width":0,"ocean_sidebar":"0","ocean_second_sidebar":"0","ocean_disable_margins":"enable","ocean_add_body_class":"","ocean_shortcode_before_top_bar":"","ocean_shortcode_after_top_bar":"","ocean_shortcode_before_header":"","ocean_shortcode_after_header":"","ocean_has_shortcode":"","ocean_shortcode_after_title":"","ocean_shortcode_before_footer_widgets":"","ocean_shortcode_after_footer_widgets":"","ocean_shortcode_before_footer_bottom":"","ocean_shortcode_after_footer_bottom":"","ocean_display_top_bar":"off","ocean_display_header":"on","ocean_header_style":"","ocean_center_header_left_menu":"0","ocean_custom_header_template":"0","ocean_custom_logo":0,"ocean_custom_retina_logo":0,"ocean_custom_logo_max_width":0,"ocean_custom_logo_tablet_max_width":0,"ocean_custom_logo_mobile_max_width":0,"ocean_custom_logo_max_height":0,"ocean_custom_logo_tablet_max_height":0,"ocean_custom_logo_mobile_max_height":0,"ocean_header_custom_menu":"0","ocean_menu_typo_font_family":"0","ocean_menu_typo_font_subset":"","ocean_menu_typo_font_size":0,"ocean_menu_typo_font_size_tablet":0,"ocean_menu_typo_font_size_mobile":0,"ocean_menu_typo_font_size_unit":"px","ocean_menu_typo_font_weight":"","ocean_menu_typo_font_weight_tablet":"","ocean_menu_typo_font_weight_mobile":"","ocean_menu_typo_transform":"","ocean_menu_typo_transform_tablet":"","ocean_menu_typo_transform_mobile":"","ocean_menu_typo_line_height":0,"ocean_menu_typo_line_height_tablet":0,"ocean_menu_typo_line_height_mobile":0,"ocean_menu_typo_line_height_unit":"","ocean_menu_typo_spacing":0,"ocean_menu_typo_spacing_tablet":0,"ocean_menu_typo_spacing_mobile":0,"ocean_menu_typo_spacing_unit":"","ocean_menu_link_color":"","ocean_menu_link_color_hover":"","ocean_menu_link_color_active":"","ocean_menu_link_background":"","ocean_menu_link_hover_background":"","ocean_menu_link_active_background":"","ocean_menu_social_links_bg":"","ocean_menu_social_hover_links_bg":"","ocean_menu_social_links_color":"","ocean_menu_social_hover_links_color":"","ocean_disable_title":"on","ocean_disable_heading":"default","ocean_post_title":"","ocean_post_subheading":"","ocean_post_title_style":"","ocean_post_title_background_color":"","ocean_post_title_background":0,"ocean_post_title_bg_image_position":"","ocean_post_title_bg_image_attachment":"","ocean_post_title_bg_image_repeat":"","ocean_post_title_bg_image_size":"","ocean_post_title_height":0,"ocean_post_title_bg_overlay":0.5,"ocean_post_title_bg_overlay_color":"","ocean_disable_breadcrumbs":"off","ocean_breadcrumbs_color":"","ocean_breadcrumbs_separator_color":"","ocean_breadcrumbs_links_color":"","ocean_breadcrumbs_links_hover_color":"","ocean_display_footer_widgets":"on","ocean_display_footer_bottom":"on","ocean_custom_footer_template":"0","ocean_post_oembed":"","ocean_post_self_hosted_media":"","ocean_post_video_embed":"","ocean_link_format":"","ocean_link_format_target":"self","ocean_quote_format":"","ocean_quote_format_link":"post","ocean_gallery_link_images":"off","ocean_gallery_id":[],"footnotes":""},"categories":[19],"tags":[],"class_list":["post-1855","post","type-post","status-publish","format-standard","hentry","category-19","entry"],"_links":{"self":[{"href":"https:\/\/ruderverein-steyr.at\/index.php\/wp-json\/wp\/v2\/posts\/1855","targetHints":{"allow":["GET"]}}],"collection":[{"href":"https:\/\/ruderverein-steyr.at\/index.php\/wp-json\/wp\/v2\/posts"}],"about":[{"href":"https:\/\/ruderverein-steyr.at\/index.php\/wp-json\/wp\/v2\/types\/post"}],"author":[{"embeddable":true,"href":"https:\/\/ruderverein-steyr.at\/index.php\/wp-json\/wp\/v2\/users\/2"}],"replies":[{"embeddable":true,"href":"https:\/\/ruderverein-steyr.at\/index.php\/wp-json\/wp\/v2\/comments?post=1855"}],"version-history":[{"count":7,"href":"https:\/\/ruderverein-steyr.at\/index.php\/wp-json\/wp\/v2\/posts\/1855\/revisions"}],"predecessor-version":[{"id":1863,"href":"https:\/\/ruderverein-steyr.at\/index.php\/wp-json\/wp\/v2\/posts\/1855\/revisions\/1863"}],"wp:attachment":[{"href":"https:\/\/ruderverein-steyr.at\/index.php\/wp-json\/wp\/v2\/media?parent=1855"}],"wp:term":[{"taxonomy":"category","embeddable":true,"href":"https:\/\/ruderverein-steyr.at\/index.php\/wp-json\/wp\/v2\/categories?post=1855"},{"taxonomy":"post_tag","embeddable":true,"href":"https:\/\/ruderverein-steyr.at\/index.php\/wp-json\/wp\/v2\/tags?post=1855"}],"curies":[{"name":"wp","href":"https:\/\/api.w.org\/{rel}","templated":true}]}}