{"id":1630,"date":"2022-04-23T08:28:26","date_gmt":"2022-04-23T08:28:26","guid":{"rendered":"https:\/\/ruderverein-steyr.at\/?p=1630"},"modified":"2024-11-12T12:19:11","modified_gmt":"2024-11-12T10:19:11","slug":"wassersport-saisoneroeffnung","status":"publish","type":"post","link":"https:\/\/ruderverein-steyr.at\/index.php\/2022\/04\/23\/wassersport-saisoneroeffnung\/","title":{"rendered":"Wassersport Saisoner\u00f6ffnung 2022"},"content":{"rendered":"\t\t<div data-elementor-type=\"wp-post\" data-elementor-id=\"1630\" class=\"elementor elementor-1630\">\n\t\t\t\t\t\t<section class=\"elementor-section elementor-top-section elementor-element elementor-element-4abce76 elementor-section-boxed elementor-section-height-default elementor-section-height-default\" data-id=\"4abce76\" data-element_type=\"section\" data-e-type=\"section\">\n\t\t\t\t\t\t<div class=\"elementor-container elementor-column-gap-default\">\n\t\t\t\t\t<div class=\"elementor-column elementor-col-100 elementor-top-column elementor-element elementor-element-d101227\" data-id=\"d101227\" data-element_type=\"column\" data-e-type=\"column\">\n\t\t\t<div class=\"elementor-widget-wrap elementor-element-populated\">\n\t\t\t\t\t\t<div class=\"elementor-element elementor-element-418b4fb elementor-widget elementor-widget-spacer\" data-id=\"418b4fb\" data-element_type=\"widget\" data-e-type=\"widget\" data-widget_type=\"spacer.default\">\n\t\t\t\t<div class=\"elementor-widget-container\">\n\t\t\t\t\t\t\t<div class=\"elementor-spacer\">\n\t\t\t<div class=\"elementor-spacer-inner\"><\/div>\n\t\t<\/div>\n\t\t\t\t\t\t<\/div>\n\t\t\t\t<\/div>\n\t\t\t\t\t<\/div>\n\t\t<\/div>\n\t\t\t\t\t<\/div>\n\t\t<\/section>\n\t\t\t\t<section class=\"elementor-section elementor-top-section elementor-element elementor-element-41b19bd elementor-section-boxed elementor-section-height-default elementor-section-height-default\" data-id=\"41b19bd\" data-element_type=\"section\" data-e-type=\"section\">\n\t\t\t\t\t\t<div class=\"elementor-container elementor-column-gap-default\">\n\t\t\t\t\t<div class=\"elementor-column elementor-col-25 elementor-top-column elementor-element elementor-element-b43256d\" data-id=\"b43256d\" data-element_type=\"column\" data-e-type=\"column\">\n\t\t\t<div class=\"elementor-widget-wrap\">\n\t\t\t\t\t\t\t<\/div>\n\t\t<\/div>\n\t\t\t\t<div class=\"elementor-column elementor-col-50 elementor-top-column elementor-element elementor-element-1c5d6ba\" data-id=\"1c5d6ba\" data-element_type=\"column\" data-e-type=\"column\">\n\t\t\t<div class=\"elementor-widget-wrap elementor-element-populated\">\n\t\t\t\t\t\t<div class=\"elementor-element elementor-element-281ac7b elementor-widget elementor-widget-text-editor\" data-id=\"281ac7b\" data-element_type=\"widget\" data-e-type=\"widget\" data-widget_type=\"text-editor.default\">\n\t\t\t\t<div class=\"elementor-widget-container\">\n\t\t\t\t\t\t\t\t\t<h1 style=\"text-align: left;\">Wassersport Saisoner\u00f6ffnung 2022<\/h1><p><span style=\"color: #bbbbbd;\">23. April 2022<\/span><\/p>\t\t\t\t\t\t\t\t<\/div>\n\t\t\t\t<\/div>\n\t\t\t\t\t<\/div>\n\t\t<\/div>\n\t\t\t\t<div class=\"elementor-column elementor-col-25 elementor-top-column elementor-element elementor-element-b2c1883\" data-id=\"b2c1883\" data-element_type=\"column\" data-e-type=\"column\">\n\t\t\t<div class=\"elementor-widget-wrap\">\n\t\t\t\t\t\t\t<\/div>\n\t\t<\/div>\n\t\t\t\t\t<\/div>\n\t\t<\/section>\n\t\t\t\t<section class=\"elementor-section elementor-top-section elementor-element elementor-element-2e8c588 elementor-section-boxed elementor-section-height-default elementor-section-height-default\" data-id=\"2e8c588\" data-element_type=\"section\" data-e-type=\"section\">\n\t\t\t\t\t\t<div class=\"elementor-container elementor-column-gap-default\">\n\t\t\t\t\t<div class=\"elementor-column elementor-col-33 elementor-top-column elementor-element elementor-element-b7d1b7d\" data-id=\"b7d1b7d\" data-element_type=\"column\" data-e-type=\"column\">\n\t\t\t<div class=\"elementor-widget-wrap\">\n\t\t\t\t\t\t\t<\/div>\n\t\t<\/div>\n\t\t\t\t<div class=\"elementor-column elementor-col-33 elementor-top-column elementor-element elementor-element-642b41f\" data-id=\"642b41f\" data-element_type=\"column\" data-e-type=\"column\">\n\t\t\t<div class=\"elementor-widget-wrap elementor-element-populated\">\n\t\t\t\t\t\t<div class=\"elementor-element elementor-element-59a1a71 elementor-widget elementor-widget-text-editor\" data-id=\"59a1a71\" data-element_type=\"widget\" data-e-type=\"widget\" data-widget_type=\"text-editor.default\">\n\t\t\t\t<div class=\"elementor-widget-container\">\n\t\t\t\t\t\t\t\t\t<p style=\"margin-bottom: 11.0pt;\"><span style=\"font-size: 11.0pt; font-family: 'Arial',sans-serif;\">Am 23. April 2022 ging endlich wieder die traditionelle Wassersport Saisoner\u00f6ffnung \u00fcber die B\u00fchne. Zwei Jahre mussten die Steyrer Wassersportvereine coronabedingt auf die Veranstaltung verzichten. Bei k\u00fchlen und windigen Bedingungen stimmte der Musikverein Christkindl am Stadtplatz auf die offizielle Er\u00f6ffnung ein. Neben dem Schwimmclub, den Tauchsportclubs, der Wasserrettung, Wasserwehr und den Kanuvereinen war auch unser Verein mit einer Handvoll Mitglieder vertreten.<\/span><\/p>\t\t\t\t\t\t\t\t<\/div>\n\t\t\t\t<\/div>\n\t\t\t\t\t<\/div>\n\t\t<\/div>\n\t\t\t\t<div class=\"elementor-column elementor-col-33 elementor-top-column elementor-element elementor-element-8749597\" data-id=\"8749597\" data-element_type=\"column\" data-e-type=\"column\">\n\t\t\t<div class=\"elementor-widget-wrap\">\n\t\t\t\t\t\t\t<\/div>\n\t\t<\/div>\n\t\t\t\t\t<\/div>\n\t\t<\/section>\n\t\t\t\t<section class=\"elementor-section elementor-top-section elementor-element elementor-element-74de953 elementor-section-boxed elementor-section-height-default elementor-section-height-default\" data-id=\"74de953\" data-element_type=\"section\" data-e-type=\"section\">\n\t\t\t\t\t\t<div class=\"elementor-container elementor-column-gap-default\">\n\t\t\t\t\t<div class=\"elementor-column elementor-col-25 elementor-top-column elementor-element elementor-element-14002c5\" data-id=\"14002c5\" data-element_type=\"column\" data-e-type=\"column\">\n\t\t\t<div class=\"elementor-widget-wrap\">\n\t\t\t\t\t\t\t<\/div>\n\t\t<\/div>\n\t\t\t\t<div class=\"elementor-column elementor-col-25 elementor-top-column elementor-element elementor-element-8e7d4dd\" data-id=\"8e7d4dd\" data-element_type=\"column\" data-e-type=\"column\">\n\t\t\t<div class=\"elementor-widget-wrap elementor-element-populated\">\n\t\t\t\t\t\t<div class=\"elementor-element elementor-element-9f066b1 elementor-widget elementor-widget-image\" data-id=\"9f066b1\" data-element_type=\"widget\" data-e-type=\"widget\" data-widget_type=\"image.default\">\n\t\t\t\t<div class=\"elementor-widget-container\">\n\t\t\t\t\t\t\t\t\t\t\t\t\t\t\t<img fetchpriority=\"high\" decoding=\"async\" width=\"683\" height=\"1024\" src=\"https:\/\/ruderverein-steyr.at\/wp-content\/uploads\/2022\/04\/20220423_101615-scaled-e1650789604937-683x1024.jpg\" class=\"attachment-large size-large wp-image-1633\" alt=\"\" srcset=\"https:\/\/ruderverein-steyr.at\/wp-content\/uploads\/2022\/04\/20220423_101615-scaled-e1650789604937-683x1024.jpg 683w, https:\/\/ruderverein-steyr.at\/wp-content\/uploads\/2022\/04\/20220423_101615-scaled-e1650789604937-200x300.jpg 200w, https:\/\/ruderverein-steyr.at\/wp-content\/uploads\/2022\/04\/20220423_101615-scaled-e1650789604937-768x1152.jpg 768w, https:\/\/ruderverein-steyr.at\/wp-content\/uploads\/2022\/04\/20220423_101615-scaled-e1650789604937-1024x1536.jpg 1024w, https:\/\/ruderverein-steyr.at\/wp-content\/uploads\/2022\/04\/20220423_101615-scaled-e1650789604937-1365x2048.jpg 1365w, https:\/\/ruderverein-steyr.at\/wp-content\/uploads\/2022\/04\/20220423_101615-scaled-e1650789604937.jpg 1625w\" sizes=\"(max-width: 683px) 100vw, 683px\" \/>\t\t\t\t\t\t\t\t\t\t\t\t\t\t\t<\/div>\n\t\t\t\t<\/div>\n\t\t\t\t\t<\/div>\n\t\t<\/div>\n\t\t\t\t<div class=\"elementor-column elementor-col-25 elementor-top-column elementor-element elementor-element-8a98d62\" data-id=\"8a98d62\" data-element_type=\"column\" data-e-type=\"column\">\n\t\t\t<div class=\"elementor-widget-wrap elementor-element-populated\">\n\t\t\t\t\t\t<div class=\"elementor-element elementor-element-a35c80b elementor-widget elementor-widget-text-editor\" data-id=\"a35c80b\" data-element_type=\"widget\" data-e-type=\"widget\" data-widget_type=\"text-editor.default\">\n\t\t\t\t<div class=\"elementor-widget-container\">\n\t\t\t\t\t\t\t\t\t<p style=\"margin-bottom: 11.0pt;\"><span style=\"font-family: Arial, sans-serif; font-size: 11pt; text-align: justify; color: var( --e-global-color-text );\">Nach dem B\u00fcrgermeister Markus Vogl die Saison f\u00fcr er\u00f6ffnet erkl\u00e4rt hat, marschierten die Sportvereine zur Zwischenbr\u00fccke. Dort wagten sich einige in die kalten Fluten der Enns. Abgeschlossen wurde die Veranstaltung bei Speis und Trank im Hallenbad Steyr.<\/span><\/p><p style=\"margin-bottom: 11pt; text-align: center;\"><em><strong><span style=\"font-size: 11.0pt; font-family: 'Arial',sans-serif;\">Wir freuen uns schon auf die Saisoner\u00f6ffnung n\u00e4chstes Jahr,<br \/><\/span><\/strong><\/em><em><strong><span style=\"font-size: 11.0pt; font-family: 'Arial',sans-serif;\">2023 sind wir als Veranstalter an der Reihe!<\/span><\/strong><\/em><\/p><p style=\"margin-bottom: 11.0pt;\"><span style=\"font-size: 11.0pt; font-family: 'Arial',sans-serif;\"><img decoding=\"async\" class=\"aligncenter wp-image-1632 size-large\" src=\"https:\/\/ruderverein-steyr.at\/wp-content\/uploads\/2022\/04\/20220423_101219-scaled-e1650789656975-1024x683.jpg\" alt=\"\" width=\"1024\" height=\"683\" srcset=\"https:\/\/ruderverein-steyr.at\/wp-content\/uploads\/2022\/04\/20220423_101219-scaled-e1650789656975-1024x683.jpg 1024w, https:\/\/ruderverein-steyr.at\/wp-content\/uploads\/2022\/04\/20220423_101219-scaled-e1650789656975-300x200.jpg 300w, https:\/\/ruderverein-steyr.at\/wp-content\/uploads\/2022\/04\/20220423_101219-scaled-e1650789656975-768x512.jpg 768w, https:\/\/ruderverein-steyr.at\/wp-content\/uploads\/2022\/04\/20220423_101219-scaled-e1650789656975-1536x1025.jpg 1536w, https:\/\/ruderverein-steyr.at\/wp-content\/uploads\/2022\/04\/20220423_101219-scaled-e1650789656975-2048x1366.jpg 2048w\" sizes=\"(max-width: 1024px) 100vw, 1024px\" \/><\/span><\/p>\t\t\t\t\t\t\t\t<\/div>\n\t\t\t\t<\/div>\n\t\t\t\t\t<\/div>\n\t\t<\/div>\n\t\t\t\t<div class=\"elementor-column elementor-col-25 elementor-top-column elementor-element elementor-element-c74cf3f\" data-id=\"c74cf3f\" data-element_type=\"column\" data-e-type=\"column\">\n\t\t\t<div class=\"elementor-widget-wrap\">\n\t\t\t\t\t\t\t<\/div>\n\t\t<\/div>\n\t\t\t\t\t<\/div>\n\t\t<\/section>\n\t\t\t\t<\/div>\n\t\t","protected":false},"excerpt":{"rendered":"<p>Wassersport Saisoner\u00f6ffnung 2022 23. April 2022 Am 23. April 2022 ging endlich wieder die traditionelle Wassersport Saisoner\u00f6ffnung \u00fcber die B\u00fchne. Zwei Jahre mussten die Steyrer Wassersportvereine coronabedingt auf die Veranstaltung verzichten. Bei k\u00fchlen und windigen Bedingungen stimmte der Musikverein Christkindl am Stadtplatz auf die offizielle Er\u00f6ffnung ein. Neben dem Schwimmclub, den Tauchsportclubs, der Wasserrettung, Wasserwehr [&hellip;]<\/p>\n","protected":false},"author":2,"featured_media":0,"comment_status":"closed","ping_status":"closed","sticky":false,"template":"","format":"standard","meta":{"ocean_post_layout":"full-screen","ocean_both_sidebars_style":"","ocean_both_sidebars_content_width":0,"ocean_both_sidebars_sidebars_width":0,"ocean_sidebar":"0","ocean_second_sidebar":"0","ocean_disable_margins":"enable","ocean_add_body_class":"","ocean_shortcode_before_top_bar":"","ocean_shortcode_after_top_bar":"","ocean_shortcode_before_header":"","ocean_shortcode_after_header":"","ocean_has_shortcode":"","ocean_shortcode_after_title":"","ocean_shortcode_before_footer_widgets":"","ocean_shortcode_after_footer_widgets":"","ocean_shortcode_before_footer_bottom":"","ocean_shortcode_after_footer_bottom":"","ocean_display_top_bar":"off","ocean_display_header":"on","ocean_header_style":"","ocean_center_header_left_menu":"0","ocean_custom_header_template":"0","ocean_custom_logo":0,"ocean_custom_retina_logo":0,"ocean_custom_logo_max_width":0,"ocean_custom_logo_tablet_max_width":0,"ocean_custom_logo_mobile_max_width":0,"ocean_custom_logo_max_height":0,"ocean_custom_logo_tablet_max_height":0,"ocean_custom_logo_mobile_max_height":0,"ocean_header_custom_menu":"0","ocean_menu_typo_font_family":"0","ocean_menu_typo_font_subset":"","ocean_menu_typo_font_size":0,"ocean_menu_typo_font_size_tablet":0,"ocean_menu_typo_font_size_mobile":0,"ocean_menu_typo_font_size_unit":"px","ocean_menu_typo_font_weight":"","ocean_menu_typo_font_weight_tablet":"","ocean_menu_typo_font_weight_mobile":"","ocean_menu_typo_transform":"","ocean_menu_typo_transform_tablet":"","ocean_menu_typo_transform_mobile":"","ocean_menu_typo_line_height":0,"ocean_menu_typo_line_height_tablet":0,"ocean_menu_typo_line_height_mobile":0,"ocean_menu_typo_line_height_unit":"","ocean_menu_typo_spacing":0,"ocean_menu_typo_spacing_tablet":0,"ocean_menu_typo_spacing_mobile":0,"ocean_menu_typo_spacing_unit":"","ocean_menu_link_color":"","ocean_menu_link_color_hover":"","ocean_menu_link_color_active":"","ocean_menu_link_background":"","ocean_menu_link_hover_background":"","ocean_menu_link_active_background":"","ocean_menu_social_links_bg":"","ocean_menu_social_hover_links_bg":"","ocean_menu_social_links_color":"","ocean_menu_social_hover_links_color":"","ocean_disable_title":"on","ocean_disable_heading":"default","ocean_post_title":"","ocean_post_subheading":"","ocean_post_title_style":"","ocean_post_title_background_color":"","ocean_post_title_background":0,"ocean_post_title_bg_image_position":"","ocean_post_title_bg_image_attachment":"","ocean_post_title_bg_image_repeat":"","ocean_post_title_bg_image_size":"","ocean_post_title_height":0,"ocean_post_title_bg_overlay":0.5,"ocean_post_title_bg_overlay_color":"","ocean_disable_breadcrumbs":"off","ocean_breadcrumbs_color":"","ocean_breadcrumbs_separator_color":"","ocean_breadcrumbs_links_color":"","ocean_breadcrumbs_links_hover_color":"","ocean_display_footer_widgets":"on","ocean_display_footer_bottom":"on","ocean_custom_footer_template":"0","ocean_post_oembed":"","ocean_post_self_hosted_media":"","ocean_post_video_embed":"","ocean_link_format":"","ocean_link_format_target":"self","ocean_quote_format":"","ocean_quote_format_link":"post","ocean_gallery_link_images":"off","ocean_gallery_id":[],"footnotes":""},"categories":[19],"tags":[],"class_list":["post-1630","post","type-post","status-publish","format-standard","hentry","category-19","entry"],"_links":{"self":[{"href":"https:\/\/ruderverein-steyr.at\/index.php\/wp-json\/wp\/v2\/posts\/1630","targetHints":{"allow":["GET"]}}],"collection":[{"href":"https:\/\/ruderverein-steyr.at\/index.php\/wp-json\/wp\/v2\/posts"}],"about":[{"href":"https:\/\/ruderverein-steyr.at\/index.php\/wp-json\/wp\/v2\/types\/post"}],"author":[{"embeddable":true,"href":"https:\/\/ruderverein-steyr.at\/index.php\/wp-json\/wp\/v2\/users\/2"}],"replies":[{"embeddable":true,"href":"https:\/\/ruderverein-steyr.at\/index.php\/wp-json\/wp\/v2\/comments?post=1630"}],"version-history":[{"count":11,"href":"https:\/\/ruderverein-steyr.at\/index.php\/wp-json\/wp\/v2\/posts\/1630\/revisions"}],"predecessor-version":[{"id":1652,"href":"https:\/\/ruderverein-steyr.at\/index.php\/wp-json\/wp\/v2\/posts\/1630\/revisions\/1652"}],"wp:attachment":[{"href":"https:\/\/ruderverein-steyr.at\/index.php\/wp-json\/wp\/v2\/media?parent=1630"}],"wp:term":[{"taxonomy":"category","embeddable":true,"href":"https:\/\/ruderverein-steyr.at\/index.php\/wp-json\/wp\/v2\/categories?post=1630"},{"taxonomy":"post_tag","embeddable":true,"href":"https:\/\/ruderverein-steyr.at\/index.php\/wp-json\/wp\/v2\/tags?post=1630"}],"curies":[{"name":"wp","href":"https:\/\/api.w.org\/{rel}","templated":true}]}}