{"id":1145,"date":"2019-08-25T16:50:11","date_gmt":"2019-08-25T16:50:11","guid":{"rendered":"https:\/\/ruderverein-steyr.at\/?p=1145"},"modified":"2024-11-12T12:25:47","modified_gmt":"2024-11-12T10:25:47","slug":"ruder-wm-feierlich-eroeffnet","status":"publish","type":"post","link":"https:\/\/ruderverein-steyr.at\/index.php\/2019\/08\/25\/ruder-wm-feierlich-eroeffnet\/","title":{"rendered":"Ruder-WM feierlich er\u00f6ffnet"},"content":{"rendered":"\t\t<div data-elementor-type=\"wp-post\" data-elementor-id=\"1145\" class=\"elementor elementor-1145\">\n\t\t\t\t\t\t<section class=\"elementor-section elementor-top-section elementor-element elementor-element-4abce76 elementor-section-boxed elementor-section-height-default elementor-section-height-default\" data-id=\"4abce76\" data-element_type=\"section\" data-e-type=\"section\">\n\t\t\t\t\t\t<div class=\"elementor-container elementor-column-gap-default\">\n\t\t\t\t\t<div class=\"elementor-column elementor-col-100 elementor-top-column elementor-element elementor-element-d101227\" data-id=\"d101227\" data-element_type=\"column\" data-e-type=\"column\">\n\t\t\t<div class=\"elementor-widget-wrap elementor-element-populated\">\n\t\t\t\t\t\t<div class=\"elementor-element elementor-element-418b4fb elementor-widget elementor-widget-spacer\" data-id=\"418b4fb\" data-element_type=\"widget\" data-e-type=\"widget\" data-widget_type=\"spacer.default\">\n\t\t\t\t<div class=\"elementor-widget-container\">\n\t\t\t\t\t\t\t<div class=\"elementor-spacer\">\n\t\t\t<div class=\"elementor-spacer-inner\"><\/div>\n\t\t<\/div>\n\t\t\t\t\t\t<\/div>\n\t\t\t\t<\/div>\n\t\t\t\t\t<\/div>\n\t\t<\/div>\n\t\t\t\t\t<\/div>\n\t\t<\/section>\n\t\t\t\t<section class=\"elementor-section elementor-top-section elementor-element elementor-element-41b19bd elementor-section-boxed elementor-section-height-default elementor-section-height-default\" data-id=\"41b19bd\" data-element_type=\"section\" data-e-type=\"section\">\n\t\t\t\t\t\t<div class=\"elementor-container elementor-column-gap-default\">\n\t\t\t\t\t<div class=\"elementor-column elementor-col-25 elementor-top-column elementor-element elementor-element-b43256d\" data-id=\"b43256d\" data-element_type=\"column\" data-e-type=\"column\">\n\t\t\t<div class=\"elementor-widget-wrap\">\n\t\t\t\t\t\t\t<\/div>\n\t\t<\/div>\n\t\t\t\t<div class=\"elementor-column elementor-col-50 elementor-top-column elementor-element elementor-element-1c5d6ba\" data-id=\"1c5d6ba\" data-element_type=\"column\" data-e-type=\"column\">\n\t\t\t<div class=\"elementor-widget-wrap elementor-element-populated\">\n\t\t\t\t\t\t<div class=\"elementor-element elementor-element-281ac7b elementor-widget elementor-widget-text-editor\" data-id=\"281ac7b\" data-element_type=\"widget\" data-e-type=\"widget\" data-widget_type=\"text-editor.default\">\n\t\t\t\t<div class=\"elementor-widget-container\">\n\t\t\t\t\t\t\t\t\t<h1 style=\"text-align: left;\">Ruder-WM feierlich er\u00f6ffnet<\/h1><p><span style=\"color: #bbbbbd;\">25. Oktober 2019<\/span><\/p>\t\t\t\t\t\t\t\t<\/div>\n\t\t\t\t<\/div>\n\t\t\t\t\t<\/div>\n\t\t<\/div>\n\t\t\t\t<div class=\"elementor-column elementor-col-25 elementor-top-column elementor-element elementor-element-b2c1883\" data-id=\"b2c1883\" data-element_type=\"column\" data-e-type=\"column\">\n\t\t\t<div class=\"elementor-widget-wrap\">\n\t\t\t\t\t\t\t<\/div>\n\t\t<\/div>\n\t\t\t\t\t<\/div>\n\t\t<\/section>\n\t\t\t\t<section class=\"elementor-section elementor-top-section elementor-element elementor-element-915f296 elementor-section-boxed elementor-section-height-default elementor-section-height-default\" data-id=\"915f296\" data-element_type=\"section\" data-e-type=\"section\">\n\t\t\t\t\t\t<div class=\"elementor-container elementor-column-gap-default\">\n\t\t\t\t\t<div class=\"elementor-column elementor-col-25 elementor-top-column elementor-element elementor-element-0723da8\" data-id=\"0723da8\" data-element_type=\"column\" data-e-type=\"column\">\n\t\t\t<div class=\"elementor-widget-wrap\">\n\t\t\t\t\t\t\t<\/div>\n\t\t<\/div>\n\t\t\t\t<div class=\"elementor-column elementor-col-25 elementor-top-column elementor-element elementor-element-7219524\" data-id=\"7219524\" data-element_type=\"column\" data-e-type=\"column\">\n\t\t\t<div class=\"elementor-widget-wrap elementor-element-populated\">\n\t\t\t\t\t\t<div class=\"elementor-element elementor-element-9537dda elementor-widget elementor-widget-image\" data-id=\"9537dda\" data-element_type=\"widget\" data-e-type=\"widget\" data-widget_type=\"image.default\">\n\t\t\t\t<div class=\"elementor-widget-container\">\n\t\t\t\t\t\t\t\t\t\t\t\t\t\t\t<img fetchpriority=\"high\" decoding=\"async\" width=\"1024\" height=\"769\" src=\"https:\/\/ruderverein-steyr.at\/wp-content\/uploads\/2020\/02\/image1-e1632660366602-1024x769.jpeg\" class=\"attachment-large size-large wp-image-1217\" alt=\"\" srcset=\"https:\/\/ruderverein-steyr.at\/wp-content\/uploads\/2020\/02\/image1-e1632660366602-1024x769.jpeg 1024w, https:\/\/ruderverein-steyr.at\/wp-content\/uploads\/2020\/02\/image1-e1632660366602-300x225.jpeg 300w, https:\/\/ruderverein-steyr.at\/wp-content\/uploads\/2020\/02\/image1-e1632660366602-768x576.jpeg 768w, https:\/\/ruderverein-steyr.at\/wp-content\/uploads\/2020\/02\/image1-e1632660366602.jpeg 1219w\" sizes=\"(max-width: 1024px) 100vw, 1024px\" \/>\t\t\t\t\t\t\t\t\t\t\t\t\t\t\t<\/div>\n\t\t\t\t<\/div>\n\t\t\t\t<div class=\"elementor-element elementor-element-f6a3ad9 elementor-widget elementor-widget-image\" data-id=\"f6a3ad9\" data-element_type=\"widget\" data-e-type=\"widget\" data-widget_type=\"image.default\">\n\t\t\t\t<div class=\"elementor-widget-container\">\n\t\t\t\t\t\t\t\t\t\t\t\t\t\t\t<img decoding=\"async\" width=\"1024\" height=\"767\" src=\"https:\/\/ruderverein-steyr.at\/wp-content\/uploads\/2020\/02\/IMG-20190824-WA0001-e1632660403176-1024x767.jpg\" class=\"attachment-large size-large wp-image-1218\" alt=\"\" srcset=\"https:\/\/ruderverein-steyr.at\/wp-content\/uploads\/2020\/02\/IMG-20190824-WA0001-e1632660403176-1024x767.jpg 1024w, https:\/\/ruderverein-steyr.at\/wp-content\/uploads\/2020\/02\/IMG-20190824-WA0001-e1632660403176-300x225.jpg 300w, https:\/\/ruderverein-steyr.at\/wp-content\/uploads\/2020\/02\/IMG-20190824-WA0001-e1632660403176-768x575.jpg 768w, https:\/\/ruderverein-steyr.at\/wp-content\/uploads\/2020\/02\/IMG-20190824-WA0001-e1632660403176.jpg 1404w\" sizes=\"(max-width: 1024px) 100vw, 1024px\" \/>\t\t\t\t\t\t\t\t\t\t\t\t\t\t\t<\/div>\n\t\t\t\t<\/div>\n\t\t\t\t<div class=\"elementor-element elementor-element-d83452d elementor-widget elementor-widget-image\" data-id=\"d83452d\" data-element_type=\"widget\" data-e-type=\"widget\" data-widget_type=\"image.default\">\n\t\t\t\t<div class=\"elementor-widget-container\">\n\t\t\t\t\t\t\t\t\t\t\t\t\t\t\t<img decoding=\"async\" width=\"1024\" height=\"576\" src=\"https:\/\/ruderverein-steyr.at\/wp-content\/uploads\/2020\/02\/Opening-1024x576.jpg\" class=\"attachment-large size-large wp-image-1219\" alt=\"\" srcset=\"https:\/\/ruderverein-steyr.at\/wp-content\/uploads\/2020\/02\/Opening-1024x576.jpg 1024w, https:\/\/ruderverein-steyr.at\/wp-content\/uploads\/2020\/02\/Opening-300x169.jpg 300w, https:\/\/ruderverein-steyr.at\/wp-content\/uploads\/2020\/02\/Opening-768x432.jpg 768w, https:\/\/ruderverein-steyr.at\/wp-content\/uploads\/2020\/02\/Opening.jpg 1140w\" sizes=\"(max-width: 1024px) 100vw, 1024px\" \/>\t\t\t\t\t\t\t\t\t\t\t\t\t\t\t<\/div>\n\t\t\t\t<\/div>\n\t\t\t\t\t<\/div>\n\t\t<\/div>\n\t\t\t\t<div class=\"elementor-column elementor-col-25 elementor-top-column elementor-element elementor-element-86f755e\" data-id=\"86f755e\" data-element_type=\"column\" data-e-type=\"column\">\n\t\t\t<div class=\"elementor-widget-wrap elementor-element-populated\">\n\t\t\t\t\t\t<div class=\"elementor-element elementor-element-6550e76 elementor-widget elementor-widget-text-editor\" data-id=\"6550e76\" data-element_type=\"widget\" data-e-type=\"widget\" data-widget_type=\"text-editor.default\">\n\t\t\t\t<div class=\"elementor-widget-container\">\n\t\t\t\t\t\t\t\t\t<p><strong><em>Am 24. August ging die Er\u00f6ffnungsfeier der Ruder-Weltmeisterschaften 2019 in Ottensheim feierlich \u00fcber die B\u00fchne. Dem Publikum wurde eine spannende visuelle und akustische Show geboten.<\/em><\/strong><\/p><p><strong><em>Klangvolle und farbenfrohe Er\u00f6ffnungsfeier<\/em><\/strong><br \/>Schauplatz f\u00fcr die Er\u00f6ffnungsfeier war die Regattastrecke in Ottensheim selbst. Die Zuschauer f\u00fcllten die Nordtrib\u00fcne fast bis auf den letzten Platz, w\u00e4hrend auf dem sp\u00e4teren Siegersteg die Feier abgehalten wurde. Zu Beginn wurde eine Schweigeminute f\u00fcr den tragisch verungl\u00fcckten 33-j\u00e4hrigen Para-Ruderer aus Wei\u00dfrussland abgehalten. Danach maschierten 77 Volunteers mit den Fahnen der Teilnehmernationen ein. Darunter auch zwei Steyrerinnen: Lisa Hirtenlehner repr\u00e4sentierte Australien und Laura Egger Mexiko. Im Anschluss \u00fcbernahm Horst Anselm, Pr\u00e4sident des Organisationskomite\u00e9s, das Wort und begr\u00fc\u00dfte die G\u00e4ste. Auch Landeshauptmann Mag. Thomas Stelzer hielt eine Rede und verwies auf die Wichtigkeit der F\u00f6rderung des Sports in Ober\u00f6sterreich. Anschlie\u00dfend erkl\u00e4rte FISA Pr\u00e4sident Jean-Christophe Rolland die Weltmeisterschaften f\u00fcr er\u00f6ffnet.<\/p><p>Nachdem die Fahnentr\u00e4gerInnen abmaschiert waren, wurde das Publikum auf eine akustische Reise rund um den Donaualtarm mitgenommen. Zu h\u00f6ren waren verschiedene Kl\u00e4nge mit Bezug zum Wasser bzw. zu Ottensheim. Unter dem Motto &#8222;Rhythm on Water&#8220; folgte eine musikalische Darbietung auf einem alten Ruderboot, welches als Trommel verwendet wurde. Passend zum Rhythmus der Kl\u00e4nge startete ein sehr farbenfrohes Feuerwerk. Der reibungslose und kreativ gestaltete Ablauf erfreute das Publikum, welches die Feier mit tosendem Applaus ausklingen lie\u00df.<\/p>\t\t\t\t\t\t\t\t<\/div>\n\t\t\t\t<\/div>\n\t\t\t\t\t<\/div>\n\t\t<\/div>\n\t\t\t\t<div class=\"elementor-column elementor-col-25 elementor-top-column elementor-element elementor-element-a0df48a\" data-id=\"a0df48a\" data-element_type=\"column\" data-e-type=\"column\">\n\t\t\t<div class=\"elementor-widget-wrap\">\n\t\t\t\t\t\t\t<\/div>\n\t\t<\/div>\n\t\t\t\t\t<\/div>\n\t\t<\/section>\n\t\t\t\t<\/div>\n\t\t","protected":false},"excerpt":{"rendered":"<p>Ruder-WM feierlich er\u00f6ffnet 25. Oktober 2019 Am 24. August ging die Er\u00f6ffnungsfeier der Ruder-Weltmeisterschaften 2019 in Ottensheim feierlich \u00fcber die B\u00fchne. Dem Publikum wurde eine spannende visuelle und akustische Show geboten. Klangvolle und farbenfrohe Er\u00f6ffnungsfeierSchauplatz f\u00fcr die Er\u00f6ffnungsfeier war die Regattastrecke in Ottensheim selbst. Die Zuschauer f\u00fcllten die Nordtrib\u00fcne fast bis auf den letzten Platz, [&hellip;]<\/p>\n","protected":false},"author":2,"featured_media":0,"comment_status":"closed","ping_status":"closed","sticky":false,"template":"","format":"standard","meta":{"ocean_post_layout":"full-screen","ocean_both_sidebars_style":"","ocean_both_sidebars_content_width":0,"ocean_both_sidebars_sidebars_width":0,"ocean_sidebar":"0","ocean_second_sidebar":"0","ocean_disable_margins":"enable","ocean_add_body_class":"","ocean_shortcode_before_top_bar":"","ocean_shortcode_after_top_bar":"","ocean_shortcode_before_header":"","ocean_shortcode_after_header":"","ocean_has_shortcode":"","ocean_shortcode_after_title":"","ocean_shortcode_before_footer_widgets":"","ocean_shortcode_after_footer_widgets":"","ocean_shortcode_before_footer_bottom":"","ocean_shortcode_after_footer_bottom":"","ocean_display_top_bar":"off","ocean_display_header":"on","ocean_header_style":"","ocean_center_header_left_menu":"0","ocean_custom_header_template":"0","ocean_custom_logo":0,"ocean_custom_retina_logo":0,"ocean_custom_logo_max_width":0,"ocean_custom_logo_tablet_max_width":0,"ocean_custom_logo_mobile_max_width":0,"ocean_custom_logo_max_height":0,"ocean_custom_logo_tablet_max_height":0,"ocean_custom_logo_mobile_max_height":0,"ocean_header_custom_menu":"0","ocean_menu_typo_font_family":"0","ocean_menu_typo_font_subset":"","ocean_menu_typo_font_size":0,"ocean_menu_typo_font_size_tablet":0,"ocean_menu_typo_font_size_mobile":0,"ocean_menu_typo_font_size_unit":"px","ocean_menu_typo_font_weight":"","ocean_menu_typo_font_weight_tablet":"","ocean_menu_typo_font_weight_mobile":"","ocean_menu_typo_transform":"","ocean_menu_typo_transform_tablet":"","ocean_menu_typo_transform_mobile":"","ocean_menu_typo_line_height":0,"ocean_menu_typo_line_height_tablet":0,"ocean_menu_typo_line_height_mobile":0,"ocean_menu_typo_line_height_unit":"","ocean_menu_typo_spacing":0,"ocean_menu_typo_spacing_tablet":0,"ocean_menu_typo_spacing_mobile":0,"ocean_menu_typo_spacing_unit":"","ocean_menu_link_color":"","ocean_menu_link_color_hover":"","ocean_menu_link_color_active":"","ocean_menu_link_background":"","ocean_menu_link_hover_background":"","ocean_menu_link_active_background":"","ocean_menu_social_links_bg":"","ocean_menu_social_hover_links_bg":"","ocean_menu_social_links_color":"","ocean_menu_social_hover_links_color":"","ocean_disable_title":"on","ocean_disable_heading":"default","ocean_post_title":"","ocean_post_subheading":"","ocean_post_title_style":"","ocean_post_title_background_color":"","ocean_post_title_background":0,"ocean_post_title_bg_image_position":"","ocean_post_title_bg_image_attachment":"","ocean_post_title_bg_image_repeat":"","ocean_post_title_bg_image_size":"","ocean_post_title_height":0,"ocean_post_title_bg_overlay":0.5,"ocean_post_title_bg_overlay_color":"","ocean_disable_breadcrumbs":"off","ocean_breadcrumbs_color":"","ocean_breadcrumbs_separator_color":"","ocean_breadcrumbs_links_color":"","ocean_breadcrumbs_links_hover_color":"","ocean_display_footer_widgets":"on","ocean_display_footer_bottom":"on","ocean_custom_footer_template":"0","ocean_post_oembed":"","ocean_post_self_hosted_media":"","ocean_post_video_embed":"","ocean_link_format":"","ocean_link_format_target":"self","ocean_quote_format":"","ocean_quote_format_link":"post","ocean_gallery_link_images":"off","ocean_gallery_id":[],"footnotes":""},"categories":[3],"tags":[],"class_list":["post-1145","post","type-post","status-publish","format-standard","hentry","category-3","entry"],"_links":{"self":[{"href":"https:\/\/ruderverein-steyr.at\/index.php\/wp-json\/wp\/v2\/posts\/1145","targetHints":{"allow":["GET"]}}],"collection":[{"href":"https:\/\/ruderverein-steyr.at\/index.php\/wp-json\/wp\/v2\/posts"}],"about":[{"href":"https:\/\/ruderverein-steyr.at\/index.php\/wp-json\/wp\/v2\/types\/post"}],"author":[{"embeddable":true,"href":"https:\/\/ruderverein-steyr.at\/index.php\/wp-json\/wp\/v2\/users\/2"}],"replies":[{"embeddable":true,"href":"https:\/\/ruderverein-steyr.at\/index.php\/wp-json\/wp\/v2\/comments?post=1145"}],"version-history":[{"count":7,"href":"https:\/\/ruderverein-steyr.at\/index.php\/wp-json\/wp\/v2\/posts\/1145\/revisions"}],"predecessor-version":[{"id":1269,"href":"https:\/\/ruderverein-steyr.at\/index.php\/wp-json\/wp\/v2\/posts\/1145\/revisions\/1269"}],"wp:attachment":[{"href":"https:\/\/ruderverein-steyr.at\/index.php\/wp-json\/wp\/v2\/media?parent=1145"}],"wp:term":[{"taxonomy":"category","embeddable":true,"href":"https:\/\/ruderverein-steyr.at\/index.php\/wp-json\/wp\/v2\/categories?post=1145"},{"taxonomy":"post_tag","embeddable":true,"href":"https:\/\/ruderverein-steyr.at\/index.php\/wp-json\/wp\/v2\/tags?post=1145"}],"curies":[{"name":"wp","href":"https:\/\/api.w.org\/{rel}","templated":true}]}}